{"id":4527,"date":"2026-03-05T19:14:30","date_gmt":"2026-03-05T17:14:30","guid":{"rendered":"https:\/\/fanfareweek.com\/?p=4527"},"modified":"2026-03-05T19:15:32","modified_gmt":"2026-03-05T17:15:32","slug":"kj-collective","status":"publish","type":"post","link":"https:\/\/fanfareweek.com\/en\/2026\/03\/05\/kj-collective\/","title":{"rendered":"KJ Collective"},"content":{"rendered":"<div><span style=\"color: #000000;\">Kotryna is a jazz\/r&amp;b singer with more than 10 years of experience. She is best known for winning a big TV show &#8220;The Voice of Lithuania&#8221;.\u00a0Although Kotryna is open to all music genres, she says that she feels best when she sings jazz.\u00a0She started her jazz journey at only twelve years old and together with her band she already participated in many international jazz\u00a0festivals.\u00a0Latest singer\u2019s project &#8220;<span class=\"gmail-il\">KJ Collective<\/span>&#8221; &#8211; a group of talented and promising musicians whose goal is to mix the sounds of different music genres, thus don\u2019t get surprised if one moment their music will bring you back in time and the other &#8211; to the future. Original compositions,\u00a0Lithuanian folk, contemporary music and modern arrangements is the main focus of this band\u2019s set. \u201c<span class=\"gmail-il\">KJ Collective<\/span>\u201d is inviting you to join them on this mesmerizing journey, and they promise you\u2019ll be left with unforgettable memories and indelible impressions!<\/span><\/div>\n<div><span style=\"color: #000000;\">\u00a0<\/span><\/div>\n<div><span style=\"color: #000000;\">Kotryna Juodzevi\u010di\u016bt\u0117 &#8211; vox<\/span><\/div>\n<div><span style=\"color: #000000;\">Karolis \u0160arkus\u00a0&#8211; sax<\/span><\/div>\n<div><span style=\"color: #000000;\">Andrius Sav\u010denko &#8211; keys<\/span><\/div>\n<div><span style=\"color: #000000;\">Art\u016brs Duckis &#8211; bass<\/span><\/div>\n<div><span style=\"color: #000000;\">Dovydas Jonas \u0160ulskis &#8211; drums<\/span><\/div>\n","protected":false},"excerpt":{"rendered":"<p>Kotryna is a jazz\/r&amp;b singer with more than 10 years of experience. She is best known for winning a big TV show &#8220;The Voice of Lithuania&#8221;.\u00a0Although Kotryna is open to all music genres, she says that she feels best when she sings jazz.\u00a0She started her jazz journey at only twelve years old and together with [&#8230;]\n","protected":false},"author":2,"featured_media":4526,"comment_status":"closed","ping_status":"open","sticky":false,"template":"","format":"standard","meta":{"footnotes":""},"categories":[12],"tags":[],"class_list":["post-4527","post","type-post","status-publish","format-standard","has-post-thumbnail","hentry","category-artists"],"yoast_head":"<!-- This site is optimized with the Yoast SEO plugin v28.4 - https:\/\/yoast.com\/product\/yoast-seo-wordpress\/ -->\n<title>KJ Collective - Trak\u0173 fanfarin\u0117 savait\u0117<\/title>\n<meta name=\"robots\" content=\"index, follow, max-snippet:-1, max-image-preview:large, max-video-preview:-1\" \/>\n<link rel=\"canonical\" href=\"https:\/\/fanfareweek.com\/en\/2026\/03\/05\/kj-collective\/\" \/>\n<meta property=\"og:locale\" content=\"en_US\" \/>\n<meta property=\"og:type\" content=\"article\" \/>\n<meta property=\"og:title\" content=\"KJ Collective - Trak\u0173 fanfarin\u0117 savait\u0117\" \/>\n<meta property=\"og:description\" content=\"Kotryna is a jazz\/r&amp;b singer with more than 10 years of experience. She is best known for winning a big TV show &#8220;The Voice of Lithuania&#8221;.\u00a0Although Kotryna is open to all music genres, she says that she feels best when she sings jazz.\u00a0She started her jazz journey at only twelve years old and together with [...]\" \/>\n<meta property=\"og:url\" content=\"https:\/\/fanfareweek.com\/en\/2026\/03\/05\/kj-collective\/\" \/>\n<meta property=\"og:site_name\" content=\"Trak\u0173 fanfarin\u0117 savait\u0117\" \/>\n<meta property=\"article:publisher\" content=\"https:\/\/www.facebook.com\/fanfareweek\" \/>\n<meta property=\"article:published_time\" content=\"2026-03-05T17:14:30+00:00\" \/>\n<meta property=\"article:modified_time\" content=\"2026-03-05T17:15:32+00:00\" \/>\n<meta property=\"og:image\" content=\"https:\/\/fanfareweek.com\/wp-content\/uploads\/2026\/03\/KJ-Collective-new-pics-3-scaled.jpg\" \/>\n\t<meta property=\"og:image:width\" content=\"2560\" \/>\n\t<meta property=\"og:image:height\" content=\"1708\" \/>\n\t<meta property=\"og:image:type\" content=\"image\/jpeg\" \/>\n<meta name=\"author\" content=\"Arvydas Mi\u0161eikis\" \/>\n<meta name=\"twitter:card\" content=\"summary_large_image\" \/>\n<meta name=\"twitter:label1\" content=\"Written by\" \/>\n\t<meta name=\"twitter:data1\" content=\"Arvydas Mi\u0161eikis\" \/>\n\t<meta name=\"twitter:label2\" content=\"Est. reading time\" \/>\n\t<meta name=\"twitter:data2\" content=\"2 minutes\" \/>\n<script type=\"application\/ld+json\" class=\"yoast-schema-graph\">{\"@context\":\"https:\\\/\\\/schema.org\",\"@graph\":[{\"@type\":\"Article\",\"@id\":\"https:\\\/\\\/fanfareweek.com\\\/en\\\/2026\\\/03\\\/05\\\/kj-collective\\\/#article\",\"isPartOf\":{\"@id\":\"https:\\\/\\\/fanfareweek.com\\\/en\\\/2026\\\/03\\\/05\\\/kj-collective\\\/\"},\"author\":{\"name\":\"Arvydas Mi\u0161eikis\",\"@id\":\"https:\\\/\\\/fanfareweek.com\\\/#\\\/schema\\\/person\\\/fe734868106a0f0e75e982c369f624a3\"},\"headline\":\"KJ Collective\",\"datePublished\":\"2026-03-05T17:14:30+00:00\",\"dateModified\":\"2026-03-05T17:15:32+00:00\",\"mainEntityOfPage\":{\"@id\":\"https:\\\/\\\/fanfareweek.com\\\/en\\\/2026\\\/03\\\/05\\\/kj-collective\\\/\"},\"wordCount\":187,\"publisher\":{\"@id\":\"https:\\\/\\\/fanfareweek.com\\\/#organization\"},\"image\":{\"@id\":\"https:\\\/\\\/fanfareweek.com\\\/en\\\/2026\\\/03\\\/05\\\/kj-collective\\\/#primaryimage\"},\"thumbnailUrl\":\"https:\\\/\\\/fanfareweek.com\\\/wp-content\\\/uploads\\\/2026\\\/03\\\/KJ-Collective-new-pics-3-scaled.jpg\",\"articleSection\":[\"Artists\"],\"inLanguage\":\"en-US\"},{\"@type\":\"WebPage\",\"@id\":\"https:\\\/\\\/fanfareweek.com\\\/en\\\/2026\\\/03\\\/05\\\/kj-collective\\\/\",\"url\":\"https:\\\/\\\/fanfareweek.com\\\/en\\\/2026\\\/03\\\/05\\\/kj-collective\\\/\",\"name\":\"KJ Collective - Trak\u0173 fanfarin\u0117 savait\u0117\",\"isPartOf\":{\"@id\":\"https:\\\/\\\/fanfareweek.com\\\/#website\"},\"primaryImageOfPage\":{\"@id\":\"https:\\\/\\\/fanfareweek.com\\\/en\\\/2026\\\/03\\\/05\\\/kj-collective\\\/#primaryimage\"},\"image\":{\"@id\":\"https:\\\/\\\/fanfareweek.com\\\/en\\\/2026\\\/03\\\/05\\\/kj-collective\\\/#primaryimage\"},\"thumbnailUrl\":\"https:\\\/\\\/fanfareweek.com\\\/wp-content\\\/uploads\\\/2026\\\/03\\\/KJ-Collective-new-pics-3-scaled.jpg\",\"datePublished\":\"2026-03-05T17:14:30+00:00\",\"dateModified\":\"2026-03-05T17:15:32+00:00\",\"breadcrumb\":{\"@id\":\"https:\\\/\\\/fanfareweek.com\\\/en\\\/2026\\\/03\\\/05\\\/kj-collective\\\/#breadcrumb\"},\"inLanguage\":\"en-US\",\"potentialAction\":[{\"@type\":\"ReadAction\",\"target\":[\"https:\\\/\\\/fanfareweek.com\\\/en\\\/2026\\\/03\\\/05\\\/kj-collective\\\/\"]}]},{\"@type\":\"ImageObject\",\"inLanguage\":\"en-US\",\"@id\":\"https:\\\/\\\/fanfareweek.com\\\/en\\\/2026\\\/03\\\/05\\\/kj-collective\\\/#primaryimage\",\"url\":\"https:\\\/\\\/fanfareweek.com\\\/wp-content\\\/uploads\\\/2026\\\/03\\\/KJ-Collective-new-pics-3-scaled.jpg\",\"contentUrl\":\"https:\\\/\\\/fanfareweek.com\\\/wp-content\\\/uploads\\\/2026\\\/03\\\/KJ-Collective-new-pics-3-scaled.jpg\",\"width\":2560,\"height\":1708},{\"@type\":\"BreadcrumbList\",\"@id\":\"https:\\\/\\\/fanfareweek.com\\\/en\\\/2026\\\/03\\\/05\\\/kj-collective\\\/#breadcrumb\",\"itemListElement\":[{\"@type\":\"ListItem\",\"position\":1,\"name\":\"Home\",\"item\":\"https:\\\/\\\/fanfareweek.com\\\/en\\\/\"},{\"@type\":\"ListItem\",\"position\":2,\"name\":\"KJ Collective\"}]},{\"@type\":\"WebSite\",\"@id\":\"https:\\\/\\\/fanfareweek.com\\\/#website\",\"url\":\"https:\\\/\\\/fanfareweek.com\\\/\",\"name\":\"Trak\u0173 fanfarin\u0117 savait\u0117\",\"description\":\"\",\"publisher\":{\"@id\":\"https:\\\/\\\/fanfareweek.com\\\/#organization\"},\"potentialAction\":[{\"@type\":\"SearchAction\",\"target\":{\"@type\":\"EntryPoint\",\"urlTemplate\":\"https:\\\/\\\/fanfareweek.com\\\/?s={search_term_string}\"},\"query-input\":{\"@type\":\"PropertyValueSpecification\",\"valueRequired\":true,\"valueName\":\"search_term_string\"}}],\"inLanguage\":\"en-US\"},{\"@type\":\"Organization\",\"@id\":\"https:\\\/\\\/fanfareweek.com\\\/#organization\",\"name\":\"Trak\u0173 fanfarin\u0117 savait\u0117\",\"url\":\"https:\\\/\\\/fanfareweek.com\\\/\",\"logo\":{\"@type\":\"ImageObject\",\"inLanguage\":\"en-US\",\"@id\":\"https:\\\/\\\/fanfareweek.com\\\/#\\\/schema\\\/logo\\\/image\\\/\",\"url\":\"https:\\\/\\\/fanfareweek.com\\\/wp-content\\\/uploads\\\/2018\\\/02\\\/logo-Traku-fanfarine-savaite-120.png\",\"contentUrl\":\"https:\\\/\\\/fanfareweek.com\\\/wp-content\\\/uploads\\\/2018\\\/02\\\/logo-Traku-fanfarine-savaite-120.png\",\"width\":149,\"height\":120,\"caption\":\"Trak\u0173 fanfarin\u0117 savait\u0117\"},\"image\":{\"@id\":\"https:\\\/\\\/fanfareweek.com\\\/#\\\/schema\\\/logo\\\/image\\\/\"},\"sameAs\":[\"https:\\\/\\\/www.facebook.com\\\/fanfareweek\",\"https:\\\/\\\/www.instagram.com\\\/trakaifanfareweek\\\/\"]},{\"@type\":\"Person\",\"@id\":\"https:\\\/\\\/fanfareweek.com\\\/#\\\/schema\\\/person\\\/fe734868106a0f0e75e982c369f624a3\",\"name\":\"Arvydas Mi\u0161eikis\",\"image\":{\"@type\":\"ImageObject\",\"inLanguage\":\"en-US\",\"@id\":\"https:\\\/\\\/fanfareweek.com\\\/wp-content\\\/litespeed\\\/avatar\\\/bccc84d38318e5eb446a364b5a96e34b.jpg?ver=1788236771\",\"url\":\"https:\\\/\\\/fanfareweek.com\\\/wp-content\\\/litespeed\\\/avatar\\\/bccc84d38318e5eb446a364b5a96e34b.jpg?ver=1788236771\",\"contentUrl\":\"https:\\\/\\\/fanfareweek.com\\\/wp-content\\\/litespeed\\\/avatar\\\/bccc84d38318e5eb446a364b5a96e34b.jpg?ver=1788236771\",\"caption\":\"Arvydas Mi\u0161eikis\"},\"url\":\"https:\\\/\\\/fanfareweek.com\\\/en\\\/author\\\/arvydas\\\/\"}]}<\/script>\n<!-- \/ Yoast SEO plugin. -->","yoast_head_json":{"title":"KJ Collective - Trak\u0173 fanfarin\u0117 savait\u0117","robots":{"index":"index","follow":"follow","max-snippet":"max-snippet:-1","max-image-preview":"max-image-preview:large","max-video-preview":"max-video-preview:-1"},"canonical":"https:\/\/fanfareweek.com\/en\/2026\/03\/05\/kj-collective\/","og_locale":"en_US","og_type":"article","og_title":"KJ Collective - Trak\u0173 fanfarin\u0117 savait\u0117","og_description":"Kotryna is a jazz\/r&amp;b singer with more than 10 years of experience. She is best known for winning a big TV show &#8220;The Voice of Lithuania&#8221;.\u00a0Although Kotryna is open to all music genres, she says that she feels best when she sings jazz.\u00a0She started her jazz journey at only twelve years old and together with [...]","og_url":"https:\/\/fanfareweek.com\/en\/2026\/03\/05\/kj-collective\/","og_site_name":"Trak\u0173 fanfarin\u0117 savait\u0117","article_publisher":"https:\/\/www.facebook.com\/fanfareweek","article_published_time":"2026-03-05T17:14:30+00:00","article_modified_time":"2026-03-05T17:15:32+00:00","og_image":[{"width":2560,"height":1708,"url":"https:\/\/fanfareweek.com\/wp-content\/uploads\/2026\/03\/KJ-Collective-new-pics-3-scaled.jpg","type":"image\/jpeg"}],"author":"Arvydas Mi\u0161eikis","twitter_card":"summary_large_image","twitter_misc":{"Written by":"Arvydas Mi\u0161eikis","Est. reading time":"2 minutes"},"schema":{"@context":"https:\/\/schema.org","@graph":[{"@type":"Article","@id":"https:\/\/fanfareweek.com\/en\/2026\/03\/05\/kj-collective\/#article","isPartOf":{"@id":"https:\/\/fanfareweek.com\/en\/2026\/03\/05\/kj-collective\/"},"author":{"name":"Arvydas Mi\u0161eikis","@id":"https:\/\/fanfareweek.com\/#\/schema\/person\/fe734868106a0f0e75e982c369f624a3"},"headline":"KJ Collective","datePublished":"2026-03-05T17:14:30+00:00","dateModified":"2026-03-05T17:15:32+00:00","mainEntityOfPage":{"@id":"https:\/\/fanfareweek.com\/en\/2026\/03\/05\/kj-collective\/"},"wordCount":187,"publisher":{"@id":"https:\/\/fanfareweek.com\/#organization"},"image":{"@id":"https:\/\/fanfareweek.com\/en\/2026\/03\/05\/kj-collective\/#primaryimage"},"thumbnailUrl":"https:\/\/fanfareweek.com\/wp-content\/uploads\/2026\/03\/KJ-Collective-new-pics-3-scaled.jpg","articleSection":["Artists"],"inLanguage":"en-US"},{"@type":"WebPage","@id":"https:\/\/fanfareweek.com\/en\/2026\/03\/05\/kj-collective\/","url":"https:\/\/fanfareweek.com\/en\/2026\/03\/05\/kj-collective\/","name":"KJ Collective - Trak\u0173 fanfarin\u0117 savait\u0117","isPartOf":{"@id":"https:\/\/fanfareweek.com\/#website"},"primaryImageOfPage":{"@id":"https:\/\/fanfareweek.com\/en\/2026\/03\/05\/kj-collective\/#primaryimage"},"image":{"@id":"https:\/\/fanfareweek.com\/en\/2026\/03\/05\/kj-collective\/#primaryimage"},"thumbnailUrl":"https:\/\/fanfareweek.com\/wp-content\/uploads\/2026\/03\/KJ-Collective-new-pics-3-scaled.jpg","datePublished":"2026-03-05T17:14:30+00:00","dateModified":"2026-03-05T17:15:32+00:00","breadcrumb":{"@id":"https:\/\/fanfareweek.com\/en\/2026\/03\/05\/kj-collective\/#breadcrumb"},"inLanguage":"en-US","potentialAction":[{"@type":"ReadAction","target":["https:\/\/fanfareweek.com\/en\/2026\/03\/05\/kj-collective\/"]}]},{"@type":"ImageObject","inLanguage":"en-US","@id":"https:\/\/fanfareweek.com\/en\/2026\/03\/05\/kj-collective\/#primaryimage","url":"https:\/\/fanfareweek.com\/wp-content\/uploads\/2026\/03\/KJ-Collective-new-pics-3-scaled.jpg","contentUrl":"https:\/\/fanfareweek.com\/wp-content\/uploads\/2026\/03\/KJ-Collective-new-pics-3-scaled.jpg","width":2560,"height":1708},{"@type":"BreadcrumbList","@id":"https:\/\/fanfareweek.com\/en\/2026\/03\/05\/kj-collective\/#breadcrumb","itemListElement":[{"@type":"ListItem","position":1,"name":"Home","item":"https:\/\/fanfareweek.com\/en\/"},{"@type":"ListItem","position":2,"name":"KJ Collective"}]},{"@type":"WebSite","@id":"https:\/\/fanfareweek.com\/#website","url":"https:\/\/fanfareweek.com\/","name":"Trak\u0173 fanfarin\u0117 savait\u0117","description":"","publisher":{"@id":"https:\/\/fanfareweek.com\/#organization"},"potentialAction":[{"@type":"SearchAction","target":{"@type":"EntryPoint","urlTemplate":"https:\/\/fanfareweek.com\/?s={search_term_string}"},"query-input":{"@type":"PropertyValueSpecification","valueRequired":true,"valueName":"search_term_string"}}],"inLanguage":"en-US"},{"@type":"Organization","@id":"https:\/\/fanfareweek.com\/#organization","name":"Trak\u0173 fanfarin\u0117 savait\u0117","url":"https:\/\/fanfareweek.com\/","logo":{"@type":"ImageObject","inLanguage":"en-US","@id":"https:\/\/fanfareweek.com\/#\/schema\/logo\/image\/","url":"https:\/\/fanfareweek.com\/wp-content\/uploads\/2018\/02\/logo-Traku-fanfarine-savaite-120.png","contentUrl":"https:\/\/fanfareweek.com\/wp-content\/uploads\/2018\/02\/logo-Traku-fanfarine-savaite-120.png","width":149,"height":120,"caption":"Trak\u0173 fanfarin\u0117 savait\u0117"},"image":{"@id":"https:\/\/fanfareweek.com\/#\/schema\/logo\/image\/"},"sameAs":["https:\/\/www.facebook.com\/fanfareweek","https:\/\/www.instagram.com\/trakaifanfareweek\/"]},{"@type":"Person","@id":"https:\/\/fanfareweek.com\/#\/schema\/person\/fe734868106a0f0e75e982c369f624a3","name":"Arvydas Mi\u0161eikis","image":{"@type":"ImageObject","inLanguage":"en-US","@id":"https:\/\/fanfareweek.com\/wp-content\/litespeed\/avatar\/bccc84d38318e5eb446a364b5a96e34b.jpg?ver=1788236771","url":"https:\/\/fanfareweek.com\/wp-content\/litespeed\/avatar\/bccc84d38318e5eb446a364b5a96e34b.jpg?ver=1788236771","contentUrl":"https:\/\/fanfareweek.com\/wp-content\/litespeed\/avatar\/bccc84d38318e5eb446a364b5a96e34b.jpg?ver=1788236771","caption":"Arvydas Mi\u0161eikis"},"url":"https:\/\/fanfareweek.com\/en\/author\/arvydas\/"}]}},"_links":{"self":[{"href":"https:\/\/fanfareweek.com\/en\/wp-json\/wp\/v2\/posts\/4527","targetHints":{"allow":["GET"]}}],"collection":[{"href":"https:\/\/fanfareweek.com\/en\/wp-json\/wp\/v2\/posts"}],"about":[{"href":"https:\/\/fanfareweek.com\/en\/wp-json\/wp\/v2\/types\/post"}],"author":[{"embeddable":true,"href":"https:\/\/fanfareweek.com\/en\/wp-json\/wp\/v2\/users\/2"}],"replies":[{"embeddable":true,"href":"https:\/\/fanfareweek.com\/en\/wp-json\/wp\/v2\/comments?post=4527"}],"version-history":[{"count":1,"href":"https:\/\/fanfareweek.com\/en\/wp-json\/wp\/v2\/posts\/4527\/revisions"}],"predecessor-version":[{"id":4528,"href":"https:\/\/fanfareweek.com\/en\/wp-json\/wp\/v2\/posts\/4527\/revisions\/4528"}],"wp:featuredmedia":[{"embeddable":true,"href":"https:\/\/fanfareweek.com\/en\/wp-json\/wp\/v2\/media\/4526"}],"wp:attachment":[{"href":"https:\/\/fanfareweek.com\/en\/wp-json\/wp\/v2\/media?parent=4527"}],"wp:term":[{"taxonomy":"category","embeddable":true,"href":"https:\/\/fanfareweek.com\/en\/wp-json\/wp\/v2\/categories?post=4527"},{"taxonomy":"post_tag","embeddable":true,"href":"https:\/\/fanfareweek.com\/en\/wp-json\/wp\/v2\/tags?post=4527"}],"curies":[{"name":"wp","href":"https:\/\/api.w.org\/{rel}","templated":true}]}}