{"id":4325,"date":"2025-11-20T08:38:31","date_gmt":"2025-11-20T06:38:31","guid":{"rendered":"https:\/\/fanfareweek.com\/2025\/11\/20\/immanuel-richter\/"},"modified":"2026-02-25T09:17:57","modified_gmt":"2026-02-25T07:17:57","slug":"immanuel-richter","status":"publish","type":"post","link":"https:\/\/fanfareweek.com\/en\/2025\/11\/20\/immanuel-richter\/","title":{"rendered":"Immanuel Richter"},"content":{"rendered":"<p data-start=\"42\" data-end=\"488\"><strong data-start=\"42\" data-end=\"62\">Immanuel Richter<\/strong> (trumpet, Switzerland) is Professor of Trumpet at the Zurich University of the Arts. He studied at the Zurich Conservatory with Claude Rippas, earning all of his final diplomas (pedagogical, orchestral, and concert performance) with distinction. He further refined his artistry in masterclasses with H\u00e5kan Hardenberger, Pierre Thibaud, Allen Vizzutti, and Maurice Andr\u00e9, and has been a prizewinner in numerous competitions.<br \/>\nImmanuel Richter has served as principal trumpet in several major orchestras, including the Zurich Opera Orchestra, the St. Gallen Symphony Orchestra, and the Orchestra della Svizzera Italiana. For three years, he was principal trumpet of the Orchestra of Teatro alla Scala in Milan, performing under conductors such as Daniel Barenboim, Lorin Maazel, Georges Pr\u00eatre, Daniele Gatti, Riccardo Chailly, and Gustavo Dudamel.<br \/>\nFrom 2009 to 2025, he was principal trumpet of the Basel Symphony Orchestra and also appeared as guest principal trumpet with the Royal Concertgebouw Orchestra in Amsterdam. Alongside his orchestral career, he has performed extensively as a soloist and chamber musician.<br \/>\nSince 2008, he has taught classical trumpet at the Lucerne School of Music, and from the summer of 2025, he serves as Professor at the Zurich University of the Arts.<br \/>\nImmanuel Richter regularly gives individual and group trumpet masterclasses at the prestigious BrassWeek Samedan in Switzerland, serves as a jury member at competitions, and shares his expertise with young musicians from around the world.<\/p>\n<p data-start=\"1177\" data-end=\"1334\">\n","protected":false},"excerpt":{"rendered":"<p>Immanuel Richter (trumpet, Switzerland) is Professor of Trumpet at the Zurich University of the Arts. He studied at the Zurich Conservatory with Claude Rippas, earning all of his final diplomas (pedagogical, orchestral, and concert performance) with distinction. He further refined his artistry in masterclasses with H\u00e5kan Hardenberger, Pierre Thibaud, Allen Vizzutti, and Maurice Andr\u00e9, and [&#8230;]\n","protected":false},"author":2,"featured_media":4326,"comment_status":"closed","ping_status":"closed","sticky":false,"template":"","format":"standard","meta":{"footnotes":""},"categories":[12],"tags":[],"class_list":["post-4325","post","type-post","status-publish","format-standard","has-post-thumbnail","hentry","category-artists"],"yoast_head":"<!-- This site is optimized with the Yoast SEO plugin v28.4 - https:\/\/yoast.com\/product\/yoast-seo-wordpress\/ -->\n<title>Immanuel Richter - Trak\u0173 fanfarin\u0117 savait\u0117<\/title>\n<meta name=\"robots\" content=\"index, follow, max-snippet:-1, max-image-preview:large, max-video-preview:-1\" \/>\n<link rel=\"canonical\" href=\"https:\/\/fanfareweek.com\/en\/2025\/11\/20\/immanuel-richter\/\" \/>\n<meta property=\"og:locale\" content=\"en_US\" \/>\n<meta property=\"og:type\" content=\"article\" \/>\n<meta property=\"og:title\" content=\"Immanuel Richter - Trak\u0173 fanfarin\u0117 savait\u0117\" \/>\n<meta property=\"og:description\" content=\"Immanuel Richter (trumpet, Switzerland) is Professor of Trumpet at the Zurich University of the Arts. He studied at the Zurich Conservatory with Claude Rippas, earning all of his final diplomas (pedagogical, orchestral, and concert performance) with distinction. He further refined his artistry in masterclasses with H\u00e5kan Hardenberger, Pierre Thibaud, Allen Vizzutti, and Maurice Andr\u00e9, and [...]\" \/>\n<meta property=\"og:url\" content=\"https:\/\/fanfareweek.com\/en\/2025\/11\/20\/immanuel-richter\/\" \/>\n<meta property=\"og:site_name\" content=\"Trak\u0173 fanfarin\u0117 savait\u0117\" \/>\n<meta property=\"article:publisher\" content=\"https:\/\/www.facebook.com\/fanfareweek\" \/>\n<meta property=\"article:published_time\" content=\"2025-11-20T06:38:31+00:00\" \/>\n<meta property=\"article:modified_time\" content=\"2026-02-25T07:17:57+00:00\" \/>\n<meta property=\"og:image\" content=\"https:\/\/fanfareweek.com\/wp-content\/uploads\/2025\/11\/9.-Immanuel.jpg\" \/>\n\t<meta property=\"og:image:width\" content=\"1600\" \/>\n\t<meta property=\"og:image:height\" content=\"921\" \/>\n\t<meta property=\"og:image:type\" content=\"image\/jpeg\" \/>\n<meta name=\"author\" content=\"Arvydas Mi\u0161eikis\" \/>\n<meta name=\"twitter:card\" content=\"summary_large_image\" \/>\n<meta name=\"twitter:label1\" content=\"Written by\" \/>\n\t<meta name=\"twitter:data1\" content=\"Arvydas Mi\u0161eikis\" \/>\n\t<meta name=\"twitter:label2\" content=\"Est. reading time\" \/>\n\t<meta name=\"twitter:data2\" content=\"2 minutes\" \/>\n<script type=\"application\/ld+json\" class=\"yoast-schema-graph\">{\"@context\":\"https:\\\/\\\/schema.org\",\"@graph\":[{\"@type\":\"Article\",\"@id\":\"https:\\\/\\\/fanfareweek.com\\\/en\\\/2025\\\/11\\\/20\\\/immanuel-richter\\\/#article\",\"isPartOf\":{\"@id\":\"https:\\\/\\\/fanfareweek.com\\\/en\\\/2025\\\/11\\\/20\\\/immanuel-richter\\\/\"},\"author\":{\"name\":\"Arvydas Mi\u0161eikis\",\"@id\":\"https:\\\/\\\/fanfareweek.com\\\/#\\\/schema\\\/person\\\/fe734868106a0f0e75e982c369f624a3\"},\"headline\":\"Immanuel Richter\",\"datePublished\":\"2025-11-20T06:38:31+00:00\",\"dateModified\":\"2026-02-25T07:17:57+00:00\",\"mainEntityOfPage\":{\"@id\":\"https:\\\/\\\/fanfareweek.com\\\/en\\\/2025\\\/11\\\/20\\\/immanuel-richter\\\/\"},\"wordCount\":228,\"publisher\":{\"@id\":\"https:\\\/\\\/fanfareweek.com\\\/#organization\"},\"image\":{\"@id\":\"https:\\\/\\\/fanfareweek.com\\\/en\\\/2025\\\/11\\\/20\\\/immanuel-richter\\\/#primaryimage\"},\"thumbnailUrl\":\"https:\\\/\\\/fanfareweek.com\\\/wp-content\\\/uploads\\\/2025\\\/11\\\/9.-Immanuel.jpg\",\"articleSection\":[\"Artists\"],\"inLanguage\":\"en-US\"},{\"@type\":\"WebPage\",\"@id\":\"https:\\\/\\\/fanfareweek.com\\\/en\\\/2025\\\/11\\\/20\\\/immanuel-richter\\\/\",\"url\":\"https:\\\/\\\/fanfareweek.com\\\/en\\\/2025\\\/11\\\/20\\\/immanuel-richter\\\/\",\"name\":\"Immanuel Richter - Trak\u0173 fanfarin\u0117 savait\u0117\",\"isPartOf\":{\"@id\":\"https:\\\/\\\/fanfareweek.com\\\/#website\"},\"primaryImageOfPage\":{\"@id\":\"https:\\\/\\\/fanfareweek.com\\\/en\\\/2025\\\/11\\\/20\\\/immanuel-richter\\\/#primaryimage\"},\"image\":{\"@id\":\"https:\\\/\\\/fanfareweek.com\\\/en\\\/2025\\\/11\\\/20\\\/immanuel-richter\\\/#primaryimage\"},\"thumbnailUrl\":\"https:\\\/\\\/fanfareweek.com\\\/wp-content\\\/uploads\\\/2025\\\/11\\\/9.-Immanuel.jpg\",\"datePublished\":\"2025-11-20T06:38:31+00:00\",\"dateModified\":\"2026-02-25T07:17:57+00:00\",\"breadcrumb\":{\"@id\":\"https:\\\/\\\/fanfareweek.com\\\/en\\\/2025\\\/11\\\/20\\\/immanuel-richter\\\/#breadcrumb\"},\"inLanguage\":\"en-US\",\"potentialAction\":[{\"@type\":\"ReadAction\",\"target\":[\"https:\\\/\\\/fanfareweek.com\\\/en\\\/2025\\\/11\\\/20\\\/immanuel-richter\\\/\"]}]},{\"@type\":\"ImageObject\",\"inLanguage\":\"en-US\",\"@id\":\"https:\\\/\\\/fanfareweek.com\\\/en\\\/2025\\\/11\\\/20\\\/immanuel-richter\\\/#primaryimage\",\"url\":\"https:\\\/\\\/fanfareweek.com\\\/wp-content\\\/uploads\\\/2025\\\/11\\\/9.-Immanuel.jpg\",\"contentUrl\":\"https:\\\/\\\/fanfareweek.com\\\/wp-content\\\/uploads\\\/2025\\\/11\\\/9.-Immanuel.jpg\",\"width\":1600,\"height\":921},{\"@type\":\"BreadcrumbList\",\"@id\":\"https:\\\/\\\/fanfareweek.com\\\/en\\\/2025\\\/11\\\/20\\\/immanuel-richter\\\/#breadcrumb\",\"itemListElement\":[{\"@type\":\"ListItem\",\"position\":1,\"name\":\"Home\",\"item\":\"https:\\\/\\\/fanfareweek.com\\\/en\\\/\"},{\"@type\":\"ListItem\",\"position\":2,\"name\":\"Immanuel Richter\"}]},{\"@type\":\"WebSite\",\"@id\":\"https:\\\/\\\/fanfareweek.com\\\/#website\",\"url\":\"https:\\\/\\\/fanfareweek.com\\\/\",\"name\":\"Trak\u0173 fanfarin\u0117 savait\u0117\",\"description\":\"\",\"publisher\":{\"@id\":\"https:\\\/\\\/fanfareweek.com\\\/#organization\"},\"potentialAction\":[{\"@type\":\"SearchAction\",\"target\":{\"@type\":\"EntryPoint\",\"urlTemplate\":\"https:\\\/\\\/fanfareweek.com\\\/?s={search_term_string}\"},\"query-input\":{\"@type\":\"PropertyValueSpecification\",\"valueRequired\":true,\"valueName\":\"search_term_string\"}}],\"inLanguage\":\"en-US\"},{\"@type\":\"Organization\",\"@id\":\"https:\\\/\\\/fanfareweek.com\\\/#organization\",\"name\":\"Trak\u0173 fanfarin\u0117 savait\u0117\",\"url\":\"https:\\\/\\\/fanfareweek.com\\\/\",\"logo\":{\"@type\":\"ImageObject\",\"inLanguage\":\"en-US\",\"@id\":\"https:\\\/\\\/fanfareweek.com\\\/#\\\/schema\\\/logo\\\/image\\\/\",\"url\":\"https:\\\/\\\/fanfareweek.com\\\/wp-content\\\/uploads\\\/2018\\\/02\\\/logo-Traku-fanfarine-savaite-120.png\",\"contentUrl\":\"https:\\\/\\\/fanfareweek.com\\\/wp-content\\\/uploads\\\/2018\\\/02\\\/logo-Traku-fanfarine-savaite-120.png\",\"width\":149,\"height\":120,\"caption\":\"Trak\u0173 fanfarin\u0117 savait\u0117\"},\"image\":{\"@id\":\"https:\\\/\\\/fanfareweek.com\\\/#\\\/schema\\\/logo\\\/image\\\/\"},\"sameAs\":[\"https:\\\/\\\/www.facebook.com\\\/fanfareweek\",\"https:\\\/\\\/www.instagram.com\\\/trakaifanfareweek\\\/\"]},{\"@type\":\"Person\",\"@id\":\"https:\\\/\\\/fanfareweek.com\\\/#\\\/schema\\\/person\\\/fe734868106a0f0e75e982c369f624a3\",\"name\":\"Arvydas Mi\u0161eikis\",\"image\":{\"@type\":\"ImageObject\",\"inLanguage\":\"en-US\",\"@id\":\"https:\\\/\\\/fanfareweek.com\\\/wp-content\\\/litespeed\\\/avatar\\\/bccc84d38318e5eb446a364b5a96e34b.jpg?ver=1788236771\",\"url\":\"https:\\\/\\\/fanfareweek.com\\\/wp-content\\\/litespeed\\\/avatar\\\/bccc84d38318e5eb446a364b5a96e34b.jpg?ver=1788236771\",\"contentUrl\":\"https:\\\/\\\/fanfareweek.com\\\/wp-content\\\/litespeed\\\/avatar\\\/bccc84d38318e5eb446a364b5a96e34b.jpg?ver=1788236771\",\"caption\":\"Arvydas Mi\u0161eikis\"},\"url\":\"https:\\\/\\\/fanfareweek.com\\\/en\\\/author\\\/arvydas\\\/\"}]}<\/script>\n<!-- \/ Yoast SEO plugin. -->","yoast_head_json":{"title":"Immanuel Richter - Trak\u0173 fanfarin\u0117 savait\u0117","robots":{"index":"index","follow":"follow","max-snippet":"max-snippet:-1","max-image-preview":"max-image-preview:large","max-video-preview":"max-video-preview:-1"},"canonical":"https:\/\/fanfareweek.com\/en\/2025\/11\/20\/immanuel-richter\/","og_locale":"en_US","og_type":"article","og_title":"Immanuel Richter - Trak\u0173 fanfarin\u0117 savait\u0117","og_description":"Immanuel Richter (trumpet, Switzerland) is Professor of Trumpet at the Zurich University of the Arts. He studied at the Zurich Conservatory with Claude Rippas, earning all of his final diplomas (pedagogical, orchestral, and concert performance) with distinction. He further refined his artistry in masterclasses with H\u00e5kan Hardenberger, Pierre Thibaud, Allen Vizzutti, and Maurice Andr\u00e9, and [...]","og_url":"https:\/\/fanfareweek.com\/en\/2025\/11\/20\/immanuel-richter\/","og_site_name":"Trak\u0173 fanfarin\u0117 savait\u0117","article_publisher":"https:\/\/www.facebook.com\/fanfareweek","article_published_time":"2025-11-20T06:38:31+00:00","article_modified_time":"2026-02-25T07:17:57+00:00","og_image":[{"width":1600,"height":921,"url":"https:\/\/fanfareweek.com\/wp-content\/uploads\/2025\/11\/9.-Immanuel.jpg","type":"image\/jpeg"}],"author":"Arvydas Mi\u0161eikis","twitter_card":"summary_large_image","twitter_misc":{"Written by":"Arvydas Mi\u0161eikis","Est. reading time":"2 minutes"},"schema":{"@context":"https:\/\/schema.org","@graph":[{"@type":"Article","@id":"https:\/\/fanfareweek.com\/en\/2025\/11\/20\/immanuel-richter\/#article","isPartOf":{"@id":"https:\/\/fanfareweek.com\/en\/2025\/11\/20\/immanuel-richter\/"},"author":{"name":"Arvydas Mi\u0161eikis","@id":"https:\/\/fanfareweek.com\/#\/schema\/person\/fe734868106a0f0e75e982c369f624a3"},"headline":"Immanuel Richter","datePublished":"2025-11-20T06:38:31+00:00","dateModified":"2026-02-25T07:17:57+00:00","mainEntityOfPage":{"@id":"https:\/\/fanfareweek.com\/en\/2025\/11\/20\/immanuel-richter\/"},"wordCount":228,"publisher":{"@id":"https:\/\/fanfareweek.com\/#organization"},"image":{"@id":"https:\/\/fanfareweek.com\/en\/2025\/11\/20\/immanuel-richter\/#primaryimage"},"thumbnailUrl":"https:\/\/fanfareweek.com\/wp-content\/uploads\/2025\/11\/9.-Immanuel.jpg","articleSection":["Artists"],"inLanguage":"en-US"},{"@type":"WebPage","@id":"https:\/\/fanfareweek.com\/en\/2025\/11\/20\/immanuel-richter\/","url":"https:\/\/fanfareweek.com\/en\/2025\/11\/20\/immanuel-richter\/","name":"Immanuel Richter - Trak\u0173 fanfarin\u0117 savait\u0117","isPartOf":{"@id":"https:\/\/fanfareweek.com\/#website"},"primaryImageOfPage":{"@id":"https:\/\/fanfareweek.com\/en\/2025\/11\/20\/immanuel-richter\/#primaryimage"},"image":{"@id":"https:\/\/fanfareweek.com\/en\/2025\/11\/20\/immanuel-richter\/#primaryimage"},"thumbnailUrl":"https:\/\/fanfareweek.com\/wp-content\/uploads\/2025\/11\/9.-Immanuel.jpg","datePublished":"2025-11-20T06:38:31+00:00","dateModified":"2026-02-25T07:17:57+00:00","breadcrumb":{"@id":"https:\/\/fanfareweek.com\/en\/2025\/11\/20\/immanuel-richter\/#breadcrumb"},"inLanguage":"en-US","potentialAction":[{"@type":"ReadAction","target":["https:\/\/fanfareweek.com\/en\/2025\/11\/20\/immanuel-richter\/"]}]},{"@type":"ImageObject","inLanguage":"en-US","@id":"https:\/\/fanfareweek.com\/en\/2025\/11\/20\/immanuel-richter\/#primaryimage","url":"https:\/\/fanfareweek.com\/wp-content\/uploads\/2025\/11\/9.-Immanuel.jpg","contentUrl":"https:\/\/fanfareweek.com\/wp-content\/uploads\/2025\/11\/9.-Immanuel.jpg","width":1600,"height":921},{"@type":"BreadcrumbList","@id":"https:\/\/fanfareweek.com\/en\/2025\/11\/20\/immanuel-richter\/#breadcrumb","itemListElement":[{"@type":"ListItem","position":1,"name":"Home","item":"https:\/\/fanfareweek.com\/en\/"},{"@type":"ListItem","position":2,"name":"Immanuel Richter"}]},{"@type":"WebSite","@id":"https:\/\/fanfareweek.com\/#website","url":"https:\/\/fanfareweek.com\/","name":"Trak\u0173 fanfarin\u0117 savait\u0117","description":"","publisher":{"@id":"https:\/\/fanfareweek.com\/#organization"},"potentialAction":[{"@type":"SearchAction","target":{"@type":"EntryPoint","urlTemplate":"https:\/\/fanfareweek.com\/?s={search_term_string}"},"query-input":{"@type":"PropertyValueSpecification","valueRequired":true,"valueName":"search_term_string"}}],"inLanguage":"en-US"},{"@type":"Organization","@id":"https:\/\/fanfareweek.com\/#organization","name":"Trak\u0173 fanfarin\u0117 savait\u0117","url":"https:\/\/fanfareweek.com\/","logo":{"@type":"ImageObject","inLanguage":"en-US","@id":"https:\/\/fanfareweek.com\/#\/schema\/logo\/image\/","url":"https:\/\/fanfareweek.com\/wp-content\/uploads\/2018\/02\/logo-Traku-fanfarine-savaite-120.png","contentUrl":"https:\/\/fanfareweek.com\/wp-content\/uploads\/2018\/02\/logo-Traku-fanfarine-savaite-120.png","width":149,"height":120,"caption":"Trak\u0173 fanfarin\u0117 savait\u0117"},"image":{"@id":"https:\/\/fanfareweek.com\/#\/schema\/logo\/image\/"},"sameAs":["https:\/\/www.facebook.com\/fanfareweek","https:\/\/www.instagram.com\/trakaifanfareweek\/"]},{"@type":"Person","@id":"https:\/\/fanfareweek.com\/#\/schema\/person\/fe734868106a0f0e75e982c369f624a3","name":"Arvydas Mi\u0161eikis","image":{"@type":"ImageObject","inLanguage":"en-US","@id":"https:\/\/fanfareweek.com\/wp-content\/litespeed\/avatar\/bccc84d38318e5eb446a364b5a96e34b.jpg?ver=1788236771","url":"https:\/\/fanfareweek.com\/wp-content\/litespeed\/avatar\/bccc84d38318e5eb446a364b5a96e34b.jpg?ver=1788236771","contentUrl":"https:\/\/fanfareweek.com\/wp-content\/litespeed\/avatar\/bccc84d38318e5eb446a364b5a96e34b.jpg?ver=1788236771","caption":"Arvydas Mi\u0161eikis"},"url":"https:\/\/fanfareweek.com\/en\/author\/arvydas\/"}]}},"_links":{"self":[{"href":"https:\/\/fanfareweek.com\/en\/wp-json\/wp\/v2\/posts\/4325","targetHints":{"allow":["GET"]}}],"collection":[{"href":"https:\/\/fanfareweek.com\/en\/wp-json\/wp\/v2\/posts"}],"about":[{"href":"https:\/\/fanfareweek.com\/en\/wp-json\/wp\/v2\/types\/post"}],"author":[{"embeddable":true,"href":"https:\/\/fanfareweek.com\/en\/wp-json\/wp\/v2\/users\/2"}],"replies":[{"embeddable":true,"href":"https:\/\/fanfareweek.com\/en\/wp-json\/wp\/v2\/comments?post=4325"}],"version-history":[{"count":3,"href":"https:\/\/fanfareweek.com\/en\/wp-json\/wp\/v2\/posts\/4325\/revisions"}],"predecessor-version":[{"id":4460,"href":"https:\/\/fanfareweek.com\/en\/wp-json\/wp\/v2\/posts\/4325\/revisions\/4460"}],"wp:featuredmedia":[{"embeddable":true,"href":"https:\/\/fanfareweek.com\/en\/wp-json\/wp\/v2\/media\/4326"}],"wp:attachment":[{"href":"https:\/\/fanfareweek.com\/en\/wp-json\/wp\/v2\/media?parent=4325"}],"wp:term":[{"taxonomy":"category","embeddable":true,"href":"https:\/\/fanfareweek.com\/en\/wp-json\/wp\/v2\/categories?post=4325"},{"taxonomy":"post_tag","embeddable":true,"href":"https:\/\/fanfareweek.com\/en\/wp-json\/wp\/v2\/tags?post=4325"}],"curies":[{"name":"wp","href":"https:\/\/api.w.org\/{rel}","templated":true}]}}