{"id":4314,"date":"2025-11-20T10:15:41","date_gmt":"2025-11-20T08:15:41","guid":{"rendered":"https:\/\/fanfareweek.com\/2025\/11\/20\/domingo-pagliuca\/"},"modified":"2026-02-25T08:57:31","modified_gmt":"2026-02-25T06:57:31","slug":"domingo-pagliuca","status":"publish","type":"post","link":"https:\/\/fanfareweek.com\/en\/2025\/11\/20\/domingo-pagliuca\/","title":{"rendered":"Domingo Pagliuca"},"content":{"rendered":"<p data-start=\"76\" data-end=\"378\">\n<p class=\"p1\"><b>Domingo Pagliuca <\/b>is a Latin Grammy Award-winning trombonist who was born in Venezuela and graduated with honors from the University of Miami with Bachelor\u2019s and Master\u2019s degrees in Music. His versatility as an instrumentalist in different musical genres has led him to be one of the most in-demand musicians in Venezuela and Latin America for recording sessions and musical productions in the commercial field. Currently, Domingo serves as Principal Trombone of both the Palm Beach Symphony Orchestra and the Florida Grand Opera Orchestra.<\/p>\n","protected":false},"excerpt":{"rendered":"<p>Domingo Pagliuca is a Latin Grammy Award-winning trombonist who was born in Venezuela and graduated with honors from the University of Miami with Bachelor\u2019s and Master\u2019s degrees in Music. His versatility as an instrumentalist in different musical genres has led him to be one of the most in-demand musicians in Venezuela and Latin America for [&#8230;]\n","protected":false},"author":2,"featured_media":4316,"comment_status":"closed","ping_status":"closed","sticky":false,"template":"","format":"standard","meta":{"footnotes":""},"categories":[12],"tags":[],"class_list":["post-4314","post","type-post","status-publish","format-standard","has-post-thumbnail","hentry","category-artists"],"yoast_head":"<!-- This site is optimized with the Yoast SEO plugin v28.4 - https:\/\/yoast.com\/product\/yoast-seo-wordpress\/ -->\n<title>Domingo Pagliuca - Trak\u0173 fanfarin\u0117 savait\u0117<\/title>\n<meta name=\"robots\" content=\"index, follow, max-snippet:-1, max-image-preview:large, max-video-preview:-1\" \/>\n<link rel=\"canonical\" href=\"https:\/\/fanfareweek.com\/en\/2025\/11\/20\/domingo-pagliuca\/\" \/>\n<meta property=\"og:locale\" content=\"en_US\" \/>\n<meta property=\"og:type\" content=\"article\" \/>\n<meta property=\"og:title\" content=\"Domingo Pagliuca - Trak\u0173 fanfarin\u0117 savait\u0117\" \/>\n<meta property=\"og:description\" content=\"Domingo Pagliuca is a Latin Grammy Award-winning trombonist who was born in Venezuela and graduated with honors from the University of Miami with Bachelor\u2019s and Master\u2019s degrees in Music. His versatility as an instrumentalist in different musical genres has led him to be one of the most in-demand musicians in Venezuela and Latin America for [...]\" \/>\n<meta property=\"og:url\" content=\"https:\/\/fanfareweek.com\/en\/2025\/11\/20\/domingo-pagliuca\/\" \/>\n<meta property=\"og:site_name\" content=\"Trak\u0173 fanfarin\u0117 savait\u0117\" \/>\n<meta property=\"article:publisher\" content=\"https:\/\/www.facebook.com\/fanfareweek\" \/>\n<meta property=\"article:published_time\" content=\"2025-11-20T08:15:41+00:00\" \/>\n<meta property=\"article:modified_time\" content=\"2026-02-25T06:57:31+00:00\" \/>\n<meta property=\"og:image\" content=\"https:\/\/fanfareweek.com\/wp-content\/uploads\/2025\/11\/vm_DomingoPagliuca-1.png.jpg\" \/>\n\t<meta property=\"og:image:width\" content=\"1867\" \/>\n\t<meta property=\"og:image:height\" content=\"1075\" \/>\n\t<meta property=\"og:image:type\" content=\"image\/jpeg\" \/>\n<meta name=\"author\" content=\"Arvydas Mi\u0161eikis\" \/>\n<meta name=\"twitter:card\" content=\"summary_large_image\" \/>\n<meta name=\"twitter:label1\" content=\"Written by\" \/>\n\t<meta name=\"twitter:data1\" content=\"Arvydas Mi\u0161eikis\" \/>\n\t<meta name=\"twitter:label2\" content=\"Est. reading time\" \/>\n\t<meta name=\"twitter:data2\" content=\"1 minute\" \/>\n<script type=\"application\/ld+json\" class=\"yoast-schema-graph\">{\"@context\":\"https:\\\/\\\/schema.org\",\"@graph\":[{\"@type\":\"Article\",\"@id\":\"https:\\\/\\\/fanfareweek.com\\\/en\\\/2025\\\/11\\\/20\\\/domingo-pagliuca\\\/#article\",\"isPartOf\":{\"@id\":\"https:\\\/\\\/fanfareweek.com\\\/en\\\/2025\\\/11\\\/20\\\/domingo-pagliuca\\\/\"},\"author\":{\"name\":\"Arvydas Mi\u0161eikis\",\"@id\":\"https:\\\/\\\/fanfareweek.com\\\/#\\\/schema\\\/person\\\/fe734868106a0f0e75e982c369f624a3\"},\"headline\":\"Domingo Pagliuca\",\"datePublished\":\"2025-11-20T08:15:41+00:00\",\"dateModified\":\"2026-02-25T06:57:31+00:00\",\"mainEntityOfPage\":{\"@id\":\"https:\\\/\\\/fanfareweek.com\\\/en\\\/2025\\\/11\\\/20\\\/domingo-pagliuca\\\/\"},\"wordCount\":87,\"publisher\":{\"@id\":\"https:\\\/\\\/fanfareweek.com\\\/#organization\"},\"image\":{\"@id\":\"https:\\\/\\\/fanfareweek.com\\\/en\\\/2025\\\/11\\\/20\\\/domingo-pagliuca\\\/#primaryimage\"},\"thumbnailUrl\":\"https:\\\/\\\/fanfareweek.com\\\/wp-content\\\/uploads\\\/2025\\\/11\\\/vm_DomingoPagliuca-1.png.jpg\",\"articleSection\":[\"Artists\"],\"inLanguage\":\"en-US\"},{\"@type\":\"WebPage\",\"@id\":\"https:\\\/\\\/fanfareweek.com\\\/en\\\/2025\\\/11\\\/20\\\/domingo-pagliuca\\\/\",\"url\":\"https:\\\/\\\/fanfareweek.com\\\/en\\\/2025\\\/11\\\/20\\\/domingo-pagliuca\\\/\",\"name\":\"Domingo Pagliuca - Trak\u0173 fanfarin\u0117 savait\u0117\",\"isPartOf\":{\"@id\":\"https:\\\/\\\/fanfareweek.com\\\/#website\"},\"primaryImageOfPage\":{\"@id\":\"https:\\\/\\\/fanfareweek.com\\\/en\\\/2025\\\/11\\\/20\\\/domingo-pagliuca\\\/#primaryimage\"},\"image\":{\"@id\":\"https:\\\/\\\/fanfareweek.com\\\/en\\\/2025\\\/11\\\/20\\\/domingo-pagliuca\\\/#primaryimage\"},\"thumbnailUrl\":\"https:\\\/\\\/fanfareweek.com\\\/wp-content\\\/uploads\\\/2025\\\/11\\\/vm_DomingoPagliuca-1.png.jpg\",\"datePublished\":\"2025-11-20T08:15:41+00:00\",\"dateModified\":\"2026-02-25T06:57:31+00:00\",\"breadcrumb\":{\"@id\":\"https:\\\/\\\/fanfareweek.com\\\/en\\\/2025\\\/11\\\/20\\\/domingo-pagliuca\\\/#breadcrumb\"},\"inLanguage\":\"en-US\",\"potentialAction\":[{\"@type\":\"ReadAction\",\"target\":[\"https:\\\/\\\/fanfareweek.com\\\/en\\\/2025\\\/11\\\/20\\\/domingo-pagliuca\\\/\"]}]},{\"@type\":\"ImageObject\",\"inLanguage\":\"en-US\",\"@id\":\"https:\\\/\\\/fanfareweek.com\\\/en\\\/2025\\\/11\\\/20\\\/domingo-pagliuca\\\/#primaryimage\",\"url\":\"https:\\\/\\\/fanfareweek.com\\\/wp-content\\\/uploads\\\/2025\\\/11\\\/vm_DomingoPagliuca-1.png.jpg\",\"contentUrl\":\"https:\\\/\\\/fanfareweek.com\\\/wp-content\\\/uploads\\\/2025\\\/11\\\/vm_DomingoPagliuca-1.png.jpg\",\"width\":1867,\"height\":1075},{\"@type\":\"BreadcrumbList\",\"@id\":\"https:\\\/\\\/fanfareweek.com\\\/en\\\/2025\\\/11\\\/20\\\/domingo-pagliuca\\\/#breadcrumb\",\"itemListElement\":[{\"@type\":\"ListItem\",\"position\":1,\"name\":\"Home\",\"item\":\"https:\\\/\\\/fanfareweek.com\\\/en\\\/\"},{\"@type\":\"ListItem\",\"position\":2,\"name\":\"Domingo Pagliuca\"}]},{\"@type\":\"WebSite\",\"@id\":\"https:\\\/\\\/fanfareweek.com\\\/#website\",\"url\":\"https:\\\/\\\/fanfareweek.com\\\/\",\"name\":\"Trak\u0173 fanfarin\u0117 savait\u0117\",\"description\":\"\",\"publisher\":{\"@id\":\"https:\\\/\\\/fanfareweek.com\\\/#organization\"},\"potentialAction\":[{\"@type\":\"SearchAction\",\"target\":{\"@type\":\"EntryPoint\",\"urlTemplate\":\"https:\\\/\\\/fanfareweek.com\\\/?s={search_term_string}\"},\"query-input\":{\"@type\":\"PropertyValueSpecification\",\"valueRequired\":true,\"valueName\":\"search_term_string\"}}],\"inLanguage\":\"en-US\"},{\"@type\":\"Organization\",\"@id\":\"https:\\\/\\\/fanfareweek.com\\\/#organization\",\"name\":\"Trak\u0173 fanfarin\u0117 savait\u0117\",\"url\":\"https:\\\/\\\/fanfareweek.com\\\/\",\"logo\":{\"@type\":\"ImageObject\",\"inLanguage\":\"en-US\",\"@id\":\"https:\\\/\\\/fanfareweek.com\\\/#\\\/schema\\\/logo\\\/image\\\/\",\"url\":\"https:\\\/\\\/fanfareweek.com\\\/wp-content\\\/uploads\\\/2018\\\/02\\\/logo-Traku-fanfarine-savaite-120.png\",\"contentUrl\":\"https:\\\/\\\/fanfareweek.com\\\/wp-content\\\/uploads\\\/2018\\\/02\\\/logo-Traku-fanfarine-savaite-120.png\",\"width\":149,\"height\":120,\"caption\":\"Trak\u0173 fanfarin\u0117 savait\u0117\"},\"image\":{\"@id\":\"https:\\\/\\\/fanfareweek.com\\\/#\\\/schema\\\/logo\\\/image\\\/\"},\"sameAs\":[\"https:\\\/\\\/www.facebook.com\\\/fanfareweek\",\"https:\\\/\\\/www.instagram.com\\\/trakaifanfareweek\\\/\"]},{\"@type\":\"Person\",\"@id\":\"https:\\\/\\\/fanfareweek.com\\\/#\\\/schema\\\/person\\\/fe734868106a0f0e75e982c369f624a3\",\"name\":\"Arvydas Mi\u0161eikis\",\"image\":{\"@type\":\"ImageObject\",\"inLanguage\":\"en-US\",\"@id\":\"https:\\\/\\\/fanfareweek.com\\\/wp-content\\\/litespeed\\\/avatar\\\/bccc84d38318e5eb446a364b5a96e34b.jpg?ver=1788236771\",\"url\":\"https:\\\/\\\/fanfareweek.com\\\/wp-content\\\/litespeed\\\/avatar\\\/bccc84d38318e5eb446a364b5a96e34b.jpg?ver=1788236771\",\"contentUrl\":\"https:\\\/\\\/fanfareweek.com\\\/wp-content\\\/litespeed\\\/avatar\\\/bccc84d38318e5eb446a364b5a96e34b.jpg?ver=1788236771\",\"caption\":\"Arvydas Mi\u0161eikis\"},\"url\":\"https:\\\/\\\/fanfareweek.com\\\/en\\\/author\\\/arvydas\\\/\"}]}<\/script>\n<!-- \/ Yoast SEO plugin. -->","yoast_head_json":{"title":"Domingo Pagliuca - Trak\u0173 fanfarin\u0117 savait\u0117","robots":{"index":"index","follow":"follow","max-snippet":"max-snippet:-1","max-image-preview":"max-image-preview:large","max-video-preview":"max-video-preview:-1"},"canonical":"https:\/\/fanfareweek.com\/en\/2025\/11\/20\/domingo-pagliuca\/","og_locale":"en_US","og_type":"article","og_title":"Domingo Pagliuca - Trak\u0173 fanfarin\u0117 savait\u0117","og_description":"Domingo Pagliuca is a Latin Grammy Award-winning trombonist who was born in Venezuela and graduated with honors from the University of Miami with Bachelor\u2019s and Master\u2019s degrees in Music. His versatility as an instrumentalist in different musical genres has led him to be one of the most in-demand musicians in Venezuela and Latin America for [...]","og_url":"https:\/\/fanfareweek.com\/en\/2025\/11\/20\/domingo-pagliuca\/","og_site_name":"Trak\u0173 fanfarin\u0117 savait\u0117","article_publisher":"https:\/\/www.facebook.com\/fanfareweek","article_published_time":"2025-11-20T08:15:41+00:00","article_modified_time":"2026-02-25T06:57:31+00:00","og_image":[{"width":1867,"height":1075,"url":"https:\/\/fanfareweek.com\/wp-content\/uploads\/2025\/11\/vm_DomingoPagliuca-1.png.jpg","type":"image\/jpeg"}],"author":"Arvydas Mi\u0161eikis","twitter_card":"summary_large_image","twitter_misc":{"Written by":"Arvydas Mi\u0161eikis","Est. reading time":"1 minute"},"schema":{"@context":"https:\/\/schema.org","@graph":[{"@type":"Article","@id":"https:\/\/fanfareweek.com\/en\/2025\/11\/20\/domingo-pagliuca\/#article","isPartOf":{"@id":"https:\/\/fanfareweek.com\/en\/2025\/11\/20\/domingo-pagliuca\/"},"author":{"name":"Arvydas Mi\u0161eikis","@id":"https:\/\/fanfareweek.com\/#\/schema\/person\/fe734868106a0f0e75e982c369f624a3"},"headline":"Domingo Pagliuca","datePublished":"2025-11-20T08:15:41+00:00","dateModified":"2026-02-25T06:57:31+00:00","mainEntityOfPage":{"@id":"https:\/\/fanfareweek.com\/en\/2025\/11\/20\/domingo-pagliuca\/"},"wordCount":87,"publisher":{"@id":"https:\/\/fanfareweek.com\/#organization"},"image":{"@id":"https:\/\/fanfareweek.com\/en\/2025\/11\/20\/domingo-pagliuca\/#primaryimage"},"thumbnailUrl":"https:\/\/fanfareweek.com\/wp-content\/uploads\/2025\/11\/vm_DomingoPagliuca-1.png.jpg","articleSection":["Artists"],"inLanguage":"en-US"},{"@type":"WebPage","@id":"https:\/\/fanfareweek.com\/en\/2025\/11\/20\/domingo-pagliuca\/","url":"https:\/\/fanfareweek.com\/en\/2025\/11\/20\/domingo-pagliuca\/","name":"Domingo Pagliuca - Trak\u0173 fanfarin\u0117 savait\u0117","isPartOf":{"@id":"https:\/\/fanfareweek.com\/#website"},"primaryImageOfPage":{"@id":"https:\/\/fanfareweek.com\/en\/2025\/11\/20\/domingo-pagliuca\/#primaryimage"},"image":{"@id":"https:\/\/fanfareweek.com\/en\/2025\/11\/20\/domingo-pagliuca\/#primaryimage"},"thumbnailUrl":"https:\/\/fanfareweek.com\/wp-content\/uploads\/2025\/11\/vm_DomingoPagliuca-1.png.jpg","datePublished":"2025-11-20T08:15:41+00:00","dateModified":"2026-02-25T06:57:31+00:00","breadcrumb":{"@id":"https:\/\/fanfareweek.com\/en\/2025\/11\/20\/domingo-pagliuca\/#breadcrumb"},"inLanguage":"en-US","potentialAction":[{"@type":"ReadAction","target":["https:\/\/fanfareweek.com\/en\/2025\/11\/20\/domingo-pagliuca\/"]}]},{"@type":"ImageObject","inLanguage":"en-US","@id":"https:\/\/fanfareweek.com\/en\/2025\/11\/20\/domingo-pagliuca\/#primaryimage","url":"https:\/\/fanfareweek.com\/wp-content\/uploads\/2025\/11\/vm_DomingoPagliuca-1.png.jpg","contentUrl":"https:\/\/fanfareweek.com\/wp-content\/uploads\/2025\/11\/vm_DomingoPagliuca-1.png.jpg","width":1867,"height":1075},{"@type":"BreadcrumbList","@id":"https:\/\/fanfareweek.com\/en\/2025\/11\/20\/domingo-pagliuca\/#breadcrumb","itemListElement":[{"@type":"ListItem","position":1,"name":"Home","item":"https:\/\/fanfareweek.com\/en\/"},{"@type":"ListItem","position":2,"name":"Domingo Pagliuca"}]},{"@type":"WebSite","@id":"https:\/\/fanfareweek.com\/#website","url":"https:\/\/fanfareweek.com\/","name":"Trak\u0173 fanfarin\u0117 savait\u0117","description":"","publisher":{"@id":"https:\/\/fanfareweek.com\/#organization"},"potentialAction":[{"@type":"SearchAction","target":{"@type":"EntryPoint","urlTemplate":"https:\/\/fanfareweek.com\/?s={search_term_string}"},"query-input":{"@type":"PropertyValueSpecification","valueRequired":true,"valueName":"search_term_string"}}],"inLanguage":"en-US"},{"@type":"Organization","@id":"https:\/\/fanfareweek.com\/#organization","name":"Trak\u0173 fanfarin\u0117 savait\u0117","url":"https:\/\/fanfareweek.com\/","logo":{"@type":"ImageObject","inLanguage":"en-US","@id":"https:\/\/fanfareweek.com\/#\/schema\/logo\/image\/","url":"https:\/\/fanfareweek.com\/wp-content\/uploads\/2018\/02\/logo-Traku-fanfarine-savaite-120.png","contentUrl":"https:\/\/fanfareweek.com\/wp-content\/uploads\/2018\/02\/logo-Traku-fanfarine-savaite-120.png","width":149,"height":120,"caption":"Trak\u0173 fanfarin\u0117 savait\u0117"},"image":{"@id":"https:\/\/fanfareweek.com\/#\/schema\/logo\/image\/"},"sameAs":["https:\/\/www.facebook.com\/fanfareweek","https:\/\/www.instagram.com\/trakaifanfareweek\/"]},{"@type":"Person","@id":"https:\/\/fanfareweek.com\/#\/schema\/person\/fe734868106a0f0e75e982c369f624a3","name":"Arvydas Mi\u0161eikis","image":{"@type":"ImageObject","inLanguage":"en-US","@id":"https:\/\/fanfareweek.com\/wp-content\/litespeed\/avatar\/bccc84d38318e5eb446a364b5a96e34b.jpg?ver=1788236771","url":"https:\/\/fanfareweek.com\/wp-content\/litespeed\/avatar\/bccc84d38318e5eb446a364b5a96e34b.jpg?ver=1788236771","contentUrl":"https:\/\/fanfareweek.com\/wp-content\/litespeed\/avatar\/bccc84d38318e5eb446a364b5a96e34b.jpg?ver=1788236771","caption":"Arvydas Mi\u0161eikis"},"url":"https:\/\/fanfareweek.com\/en\/author\/arvydas\/"}]}},"_links":{"self":[{"href":"https:\/\/fanfareweek.com\/en\/wp-json\/wp\/v2\/posts\/4314","targetHints":{"allow":["GET"]}}],"collection":[{"href":"https:\/\/fanfareweek.com\/en\/wp-json\/wp\/v2\/posts"}],"about":[{"href":"https:\/\/fanfareweek.com\/en\/wp-json\/wp\/v2\/types\/post"}],"author":[{"embeddable":true,"href":"https:\/\/fanfareweek.com\/en\/wp-json\/wp\/v2\/users\/2"}],"replies":[{"embeddable":true,"href":"https:\/\/fanfareweek.com\/en\/wp-json\/wp\/v2\/comments?post=4314"}],"version-history":[{"count":3,"href":"https:\/\/fanfareweek.com\/en\/wp-json\/wp\/v2\/posts\/4314\/revisions"}],"predecessor-version":[{"id":4441,"href":"https:\/\/fanfareweek.com\/en\/wp-json\/wp\/v2\/posts\/4314\/revisions\/4441"}],"wp:featuredmedia":[{"embeddable":true,"href":"https:\/\/fanfareweek.com\/en\/wp-json\/wp\/v2\/media\/4316"}],"wp:attachment":[{"href":"https:\/\/fanfareweek.com\/en\/wp-json\/wp\/v2\/media?parent=4314"}],"wp:term":[{"taxonomy":"category","embeddable":true,"href":"https:\/\/fanfareweek.com\/en\/wp-json\/wp\/v2\/categories?post=4314"},{"taxonomy":"post_tag","embeddable":true,"href":"https:\/\/fanfareweek.com\/en\/wp-json\/wp\/v2\/tags?post=4314"}],"curies":[{"name":"wp","href":"https:\/\/api.w.org\/{rel}","templated":true}]}}