{"id":4308,"date":"2025-11-20T13:45:50","date_gmt":"2025-11-20T11:45:50","guid":{"rendered":"https:\/\/fanfareweek.com\/2025\/11\/20\/dovile-bagdonaite\/"},"modified":"2026-02-25T08:45:05","modified_gmt":"2026-02-25T06:45:05","slug":"dovile-bagdonaite","status":"publish","type":"post","link":"https:\/\/fanfareweek.com\/en\/2025\/11\/20\/dovile-bagdonaite\/","title":{"rendered":"Dovil\u0117 Bagdonait\u0117"},"content":{"rendered":"<p data-start=\"0\" data-end=\"513\"><strong data-start=\"0\" data-end=\"21\">Dovil\u0117 Bagdonait\u0117<\/strong> (piano, Lithuania) is a graduate of the Detmold University of Music (Germany) and holds a Licentiate of Arts degree from the Lithuanian Academy of Music and Theatre. She also studied at the Hanover University of Music, Drama and Media. She has gained extensive professional experience as a collaborative pianist while serving as a lecturer\u2013accompanist at the Detmold University of Music (Germany), the Lithuanian Academy of Music and Theatre, and the Bronius Jonu\u0161as Music School in Vilnius.<br \/>\nDovil\u0117 Bagdonait\u0117 is a laureate of international competitions in Lithuania and abroad and has participated in masterclasses with many distinguished professors. She has built a substantial and stylistically diverse repertoire spanning various musical eras. The pianist has taken part in recordings for Lithuanian National Radio and Television as well as WDR in Cologne. She was the first in Lithuania to introduce Clara Schumann\u2019s piano works to the country\u2019s cultural community.<br \/>\nIn Lithuania and internationally, she has collaborated with prominent soloists and ensembles, including the State Choir \u201cVilnius,\u201d Opera Brass, Amber Brass, Lauryna Bend\u017ei\u016bnait\u0117, Stein Skjervold, Max Sommerhalder, Miroslav Petkov, Steven Mead, Huw Morgan, Jens Lindemann, Peter Moore, Ian Bousfield, and others.<br \/>\nDovil\u0117 Bagdonait\u0117 regularly presents chamber music programs with various soloists and especially enjoys performing with wind instrumentalists. She works at international competitions and masterclasses, performs at numerous festivals, and participates in international projects. Since 2013, she has served as a collaborative pianist (concertmaster) for the international project \u201cTrakai Fanfare Week.\u201d<\/p>\n","protected":false},"excerpt":{"rendered":"<p>Dovil\u0117 Bagdonait\u0117 (piano, Lithuania) is a graduate of the Detmold University of Music (Germany) and holds a Licentiate of Arts degree from the Lithuanian Academy of Music and Theatre. She also studied at the Hanover University of Music, Drama and Media. She has gained extensive professional experience as a collaborative pianist while serving as a [&#8230;]\n","protected":false},"author":2,"featured_media":4309,"comment_status":"closed","ping_status":"closed","sticky":false,"template":"","format":"standard","meta":{"footnotes":""},"categories":[12],"tags":[],"class_list":["post-4308","post","type-post","status-publish","format-standard","has-post-thumbnail","hentry","category-artists"],"yoast_head":"<!-- This site is optimized with the Yoast SEO plugin v28.4 - https:\/\/yoast.com\/product\/yoast-seo-wordpress\/ -->\n<title>Dovil\u0117 Bagdonait\u0117 - Trak\u0173 fanfarin\u0117 savait\u0117<\/title>\n<meta name=\"robots\" content=\"index, follow, max-snippet:-1, max-image-preview:large, max-video-preview:-1\" \/>\n<link rel=\"canonical\" href=\"https:\/\/fanfareweek.com\/en\/2025\/11\/20\/dovile-bagdonaite\/\" \/>\n<meta property=\"og:locale\" content=\"en_US\" \/>\n<meta property=\"og:type\" content=\"article\" \/>\n<meta property=\"og:title\" content=\"Dovil\u0117 Bagdonait\u0117 - Trak\u0173 fanfarin\u0117 savait\u0117\" \/>\n<meta property=\"og:description\" content=\"Dovil\u0117 Bagdonait\u0117 (piano, Lithuania) is a graduate of the Detmold University of Music (Germany) and holds a Licentiate of Arts degree from the Lithuanian Academy of Music and Theatre. She also studied at the Hanover University of Music, Drama and Media. She has gained extensive professional experience as a collaborative pianist while serving as a [...]\" \/>\n<meta property=\"og:url\" content=\"https:\/\/fanfareweek.com\/en\/2025\/11\/20\/dovile-bagdonaite\/\" \/>\n<meta property=\"og:site_name\" content=\"Trak\u0173 fanfarin\u0117 savait\u0117\" \/>\n<meta property=\"article:publisher\" content=\"https:\/\/www.facebook.com\/fanfareweek\" \/>\n<meta property=\"article:published_time\" content=\"2025-11-20T11:45:50+00:00\" \/>\n<meta property=\"article:modified_time\" content=\"2026-02-25T06:45:05+00:00\" \/>\n<meta property=\"og:image\" content=\"https:\/\/fanfareweek.com\/wp-content\/uploads\/2025\/11\/7.-Dovile.jpg\" \/>\n\t<meta property=\"og:image:width\" content=\"1600\" \/>\n\t<meta property=\"og:image:height\" content=\"921\" \/>\n\t<meta property=\"og:image:type\" content=\"image\/jpeg\" \/>\n<meta name=\"author\" content=\"Arvydas Mi\u0161eikis\" \/>\n<meta name=\"twitter:card\" content=\"summary_large_image\" \/>\n<meta name=\"twitter:label1\" content=\"Written by\" \/>\n\t<meta name=\"twitter:data1\" content=\"Arvydas Mi\u0161eikis\" \/>\n\t<meta name=\"twitter:label2\" content=\"Est. reading time\" \/>\n\t<meta name=\"twitter:data2\" content=\"2 minutes\" \/>\n<script type=\"application\/ld+json\" class=\"yoast-schema-graph\">{\"@context\":\"https:\\\/\\\/schema.org\",\"@graph\":[{\"@type\":\"Article\",\"@id\":\"https:\\\/\\\/fanfareweek.com\\\/en\\\/2025\\\/11\\\/20\\\/dovile-bagdonaite\\\/#article\",\"isPartOf\":{\"@id\":\"https:\\\/\\\/fanfareweek.com\\\/en\\\/2025\\\/11\\\/20\\\/dovile-bagdonaite\\\/\"},\"author\":{\"name\":\"Arvydas Mi\u0161eikis\",\"@id\":\"https:\\\/\\\/fanfareweek.com\\\/#\\\/schema\\\/person\\\/fe734868106a0f0e75e982c369f624a3\"},\"headline\":\"Dovil\u0117 Bagdonait\u0117\",\"datePublished\":\"2025-11-20T11:45:50+00:00\",\"dateModified\":\"2026-02-25T06:45:05+00:00\",\"mainEntityOfPage\":{\"@id\":\"https:\\\/\\\/fanfareweek.com\\\/en\\\/2025\\\/11\\\/20\\\/dovile-bagdonaite\\\/\"},\"wordCount\":246,\"publisher\":{\"@id\":\"https:\\\/\\\/fanfareweek.com\\\/#organization\"},\"image\":{\"@id\":\"https:\\\/\\\/fanfareweek.com\\\/en\\\/2025\\\/11\\\/20\\\/dovile-bagdonaite\\\/#primaryimage\"},\"thumbnailUrl\":\"https:\\\/\\\/fanfareweek.com\\\/wp-content\\\/uploads\\\/2025\\\/11\\\/7.-Dovile.jpg\",\"articleSection\":[\"Artists\"],\"inLanguage\":\"en-US\"},{\"@type\":\"WebPage\",\"@id\":\"https:\\\/\\\/fanfareweek.com\\\/en\\\/2025\\\/11\\\/20\\\/dovile-bagdonaite\\\/\",\"url\":\"https:\\\/\\\/fanfareweek.com\\\/en\\\/2025\\\/11\\\/20\\\/dovile-bagdonaite\\\/\",\"name\":\"Dovil\u0117 Bagdonait\u0117 - Trak\u0173 fanfarin\u0117 savait\u0117\",\"isPartOf\":{\"@id\":\"https:\\\/\\\/fanfareweek.com\\\/#website\"},\"primaryImageOfPage\":{\"@id\":\"https:\\\/\\\/fanfareweek.com\\\/en\\\/2025\\\/11\\\/20\\\/dovile-bagdonaite\\\/#primaryimage\"},\"image\":{\"@id\":\"https:\\\/\\\/fanfareweek.com\\\/en\\\/2025\\\/11\\\/20\\\/dovile-bagdonaite\\\/#primaryimage\"},\"thumbnailUrl\":\"https:\\\/\\\/fanfareweek.com\\\/wp-content\\\/uploads\\\/2025\\\/11\\\/7.-Dovile.jpg\",\"datePublished\":\"2025-11-20T11:45:50+00:00\",\"dateModified\":\"2026-02-25T06:45:05+00:00\",\"breadcrumb\":{\"@id\":\"https:\\\/\\\/fanfareweek.com\\\/en\\\/2025\\\/11\\\/20\\\/dovile-bagdonaite\\\/#breadcrumb\"},\"inLanguage\":\"en-US\",\"potentialAction\":[{\"@type\":\"ReadAction\",\"target\":[\"https:\\\/\\\/fanfareweek.com\\\/en\\\/2025\\\/11\\\/20\\\/dovile-bagdonaite\\\/\"]}]},{\"@type\":\"ImageObject\",\"inLanguage\":\"en-US\",\"@id\":\"https:\\\/\\\/fanfareweek.com\\\/en\\\/2025\\\/11\\\/20\\\/dovile-bagdonaite\\\/#primaryimage\",\"url\":\"https:\\\/\\\/fanfareweek.com\\\/wp-content\\\/uploads\\\/2025\\\/11\\\/7.-Dovile.jpg\",\"contentUrl\":\"https:\\\/\\\/fanfareweek.com\\\/wp-content\\\/uploads\\\/2025\\\/11\\\/7.-Dovile.jpg\",\"width\":1600,\"height\":921},{\"@type\":\"BreadcrumbList\",\"@id\":\"https:\\\/\\\/fanfareweek.com\\\/en\\\/2025\\\/11\\\/20\\\/dovile-bagdonaite\\\/#breadcrumb\",\"itemListElement\":[{\"@type\":\"ListItem\",\"position\":1,\"name\":\"Home\",\"item\":\"https:\\\/\\\/fanfareweek.com\\\/en\\\/\"},{\"@type\":\"ListItem\",\"position\":2,\"name\":\"Dovil\u0117 Bagdonait\u0117\"}]},{\"@type\":\"WebSite\",\"@id\":\"https:\\\/\\\/fanfareweek.com\\\/#website\",\"url\":\"https:\\\/\\\/fanfareweek.com\\\/\",\"name\":\"Trak\u0173 fanfarin\u0117 savait\u0117\",\"description\":\"\",\"publisher\":{\"@id\":\"https:\\\/\\\/fanfareweek.com\\\/#organization\"},\"potentialAction\":[{\"@type\":\"SearchAction\",\"target\":{\"@type\":\"EntryPoint\",\"urlTemplate\":\"https:\\\/\\\/fanfareweek.com\\\/?s={search_term_string}\"},\"query-input\":{\"@type\":\"PropertyValueSpecification\",\"valueRequired\":true,\"valueName\":\"search_term_string\"}}],\"inLanguage\":\"en-US\"},{\"@type\":\"Organization\",\"@id\":\"https:\\\/\\\/fanfareweek.com\\\/#organization\",\"name\":\"Trak\u0173 fanfarin\u0117 savait\u0117\",\"url\":\"https:\\\/\\\/fanfareweek.com\\\/\",\"logo\":{\"@type\":\"ImageObject\",\"inLanguage\":\"en-US\",\"@id\":\"https:\\\/\\\/fanfareweek.com\\\/#\\\/schema\\\/logo\\\/image\\\/\",\"url\":\"https:\\\/\\\/fanfareweek.com\\\/wp-content\\\/uploads\\\/2018\\\/02\\\/logo-Traku-fanfarine-savaite-120.png\",\"contentUrl\":\"https:\\\/\\\/fanfareweek.com\\\/wp-content\\\/uploads\\\/2018\\\/02\\\/logo-Traku-fanfarine-savaite-120.png\",\"width\":149,\"height\":120,\"caption\":\"Trak\u0173 fanfarin\u0117 savait\u0117\"},\"image\":{\"@id\":\"https:\\\/\\\/fanfareweek.com\\\/#\\\/schema\\\/logo\\\/image\\\/\"},\"sameAs\":[\"https:\\\/\\\/www.facebook.com\\\/fanfareweek\",\"https:\\\/\\\/www.instagram.com\\\/trakaifanfareweek\\\/\"]},{\"@type\":\"Person\",\"@id\":\"https:\\\/\\\/fanfareweek.com\\\/#\\\/schema\\\/person\\\/fe734868106a0f0e75e982c369f624a3\",\"name\":\"Arvydas Mi\u0161eikis\",\"image\":{\"@type\":\"ImageObject\",\"inLanguage\":\"en-US\",\"@id\":\"https:\\\/\\\/fanfareweek.com\\\/wp-content\\\/litespeed\\\/avatar\\\/bccc84d38318e5eb446a364b5a96e34b.jpg?ver=1788236771\",\"url\":\"https:\\\/\\\/fanfareweek.com\\\/wp-content\\\/litespeed\\\/avatar\\\/bccc84d38318e5eb446a364b5a96e34b.jpg?ver=1788236771\",\"contentUrl\":\"https:\\\/\\\/fanfareweek.com\\\/wp-content\\\/litespeed\\\/avatar\\\/bccc84d38318e5eb446a364b5a96e34b.jpg?ver=1788236771\",\"caption\":\"Arvydas Mi\u0161eikis\"},\"url\":\"https:\\\/\\\/fanfareweek.com\\\/en\\\/author\\\/arvydas\\\/\"}]}<\/script>\n<!-- \/ Yoast SEO plugin. -->","yoast_head_json":{"title":"Dovil\u0117 Bagdonait\u0117 - Trak\u0173 fanfarin\u0117 savait\u0117","robots":{"index":"index","follow":"follow","max-snippet":"max-snippet:-1","max-image-preview":"max-image-preview:large","max-video-preview":"max-video-preview:-1"},"canonical":"https:\/\/fanfareweek.com\/en\/2025\/11\/20\/dovile-bagdonaite\/","og_locale":"en_US","og_type":"article","og_title":"Dovil\u0117 Bagdonait\u0117 - Trak\u0173 fanfarin\u0117 savait\u0117","og_description":"Dovil\u0117 Bagdonait\u0117 (piano, Lithuania) is a graduate of the Detmold University of Music (Germany) and holds a Licentiate of Arts degree from the Lithuanian Academy of Music and Theatre. She also studied at the Hanover University of Music, Drama and Media. She has gained extensive professional experience as a collaborative pianist while serving as a [...]","og_url":"https:\/\/fanfareweek.com\/en\/2025\/11\/20\/dovile-bagdonaite\/","og_site_name":"Trak\u0173 fanfarin\u0117 savait\u0117","article_publisher":"https:\/\/www.facebook.com\/fanfareweek","article_published_time":"2025-11-20T11:45:50+00:00","article_modified_time":"2026-02-25T06:45:05+00:00","og_image":[{"width":1600,"height":921,"url":"https:\/\/fanfareweek.com\/wp-content\/uploads\/2025\/11\/7.-Dovile.jpg","type":"image\/jpeg"}],"author":"Arvydas Mi\u0161eikis","twitter_card":"summary_large_image","twitter_misc":{"Written by":"Arvydas Mi\u0161eikis","Est. reading time":"2 minutes"},"schema":{"@context":"https:\/\/schema.org","@graph":[{"@type":"Article","@id":"https:\/\/fanfareweek.com\/en\/2025\/11\/20\/dovile-bagdonaite\/#article","isPartOf":{"@id":"https:\/\/fanfareweek.com\/en\/2025\/11\/20\/dovile-bagdonaite\/"},"author":{"name":"Arvydas Mi\u0161eikis","@id":"https:\/\/fanfareweek.com\/#\/schema\/person\/fe734868106a0f0e75e982c369f624a3"},"headline":"Dovil\u0117 Bagdonait\u0117","datePublished":"2025-11-20T11:45:50+00:00","dateModified":"2026-02-25T06:45:05+00:00","mainEntityOfPage":{"@id":"https:\/\/fanfareweek.com\/en\/2025\/11\/20\/dovile-bagdonaite\/"},"wordCount":246,"publisher":{"@id":"https:\/\/fanfareweek.com\/#organization"},"image":{"@id":"https:\/\/fanfareweek.com\/en\/2025\/11\/20\/dovile-bagdonaite\/#primaryimage"},"thumbnailUrl":"https:\/\/fanfareweek.com\/wp-content\/uploads\/2025\/11\/7.-Dovile.jpg","articleSection":["Artists"],"inLanguage":"en-US"},{"@type":"WebPage","@id":"https:\/\/fanfareweek.com\/en\/2025\/11\/20\/dovile-bagdonaite\/","url":"https:\/\/fanfareweek.com\/en\/2025\/11\/20\/dovile-bagdonaite\/","name":"Dovil\u0117 Bagdonait\u0117 - Trak\u0173 fanfarin\u0117 savait\u0117","isPartOf":{"@id":"https:\/\/fanfareweek.com\/#website"},"primaryImageOfPage":{"@id":"https:\/\/fanfareweek.com\/en\/2025\/11\/20\/dovile-bagdonaite\/#primaryimage"},"image":{"@id":"https:\/\/fanfareweek.com\/en\/2025\/11\/20\/dovile-bagdonaite\/#primaryimage"},"thumbnailUrl":"https:\/\/fanfareweek.com\/wp-content\/uploads\/2025\/11\/7.-Dovile.jpg","datePublished":"2025-11-20T11:45:50+00:00","dateModified":"2026-02-25T06:45:05+00:00","breadcrumb":{"@id":"https:\/\/fanfareweek.com\/en\/2025\/11\/20\/dovile-bagdonaite\/#breadcrumb"},"inLanguage":"en-US","potentialAction":[{"@type":"ReadAction","target":["https:\/\/fanfareweek.com\/en\/2025\/11\/20\/dovile-bagdonaite\/"]}]},{"@type":"ImageObject","inLanguage":"en-US","@id":"https:\/\/fanfareweek.com\/en\/2025\/11\/20\/dovile-bagdonaite\/#primaryimage","url":"https:\/\/fanfareweek.com\/wp-content\/uploads\/2025\/11\/7.-Dovile.jpg","contentUrl":"https:\/\/fanfareweek.com\/wp-content\/uploads\/2025\/11\/7.-Dovile.jpg","width":1600,"height":921},{"@type":"BreadcrumbList","@id":"https:\/\/fanfareweek.com\/en\/2025\/11\/20\/dovile-bagdonaite\/#breadcrumb","itemListElement":[{"@type":"ListItem","position":1,"name":"Home","item":"https:\/\/fanfareweek.com\/en\/"},{"@type":"ListItem","position":2,"name":"Dovil\u0117 Bagdonait\u0117"}]},{"@type":"WebSite","@id":"https:\/\/fanfareweek.com\/#website","url":"https:\/\/fanfareweek.com\/","name":"Trak\u0173 fanfarin\u0117 savait\u0117","description":"","publisher":{"@id":"https:\/\/fanfareweek.com\/#organization"},"potentialAction":[{"@type":"SearchAction","target":{"@type":"EntryPoint","urlTemplate":"https:\/\/fanfareweek.com\/?s={search_term_string}"},"query-input":{"@type":"PropertyValueSpecification","valueRequired":true,"valueName":"search_term_string"}}],"inLanguage":"en-US"},{"@type":"Organization","@id":"https:\/\/fanfareweek.com\/#organization","name":"Trak\u0173 fanfarin\u0117 savait\u0117","url":"https:\/\/fanfareweek.com\/","logo":{"@type":"ImageObject","inLanguage":"en-US","@id":"https:\/\/fanfareweek.com\/#\/schema\/logo\/image\/","url":"https:\/\/fanfareweek.com\/wp-content\/uploads\/2018\/02\/logo-Traku-fanfarine-savaite-120.png","contentUrl":"https:\/\/fanfareweek.com\/wp-content\/uploads\/2018\/02\/logo-Traku-fanfarine-savaite-120.png","width":149,"height":120,"caption":"Trak\u0173 fanfarin\u0117 savait\u0117"},"image":{"@id":"https:\/\/fanfareweek.com\/#\/schema\/logo\/image\/"},"sameAs":["https:\/\/www.facebook.com\/fanfareweek","https:\/\/www.instagram.com\/trakaifanfareweek\/"]},{"@type":"Person","@id":"https:\/\/fanfareweek.com\/#\/schema\/person\/fe734868106a0f0e75e982c369f624a3","name":"Arvydas Mi\u0161eikis","image":{"@type":"ImageObject","inLanguage":"en-US","@id":"https:\/\/fanfareweek.com\/wp-content\/litespeed\/avatar\/bccc84d38318e5eb446a364b5a96e34b.jpg?ver=1788236771","url":"https:\/\/fanfareweek.com\/wp-content\/litespeed\/avatar\/bccc84d38318e5eb446a364b5a96e34b.jpg?ver=1788236771","contentUrl":"https:\/\/fanfareweek.com\/wp-content\/litespeed\/avatar\/bccc84d38318e5eb446a364b5a96e34b.jpg?ver=1788236771","caption":"Arvydas Mi\u0161eikis"},"url":"https:\/\/fanfareweek.com\/en\/author\/arvydas\/"}]}},"_links":{"self":[{"href":"https:\/\/fanfareweek.com\/en\/wp-json\/wp\/v2\/posts\/4308","targetHints":{"allow":["GET"]}}],"collection":[{"href":"https:\/\/fanfareweek.com\/en\/wp-json\/wp\/v2\/posts"}],"about":[{"href":"https:\/\/fanfareweek.com\/en\/wp-json\/wp\/v2\/types\/post"}],"author":[{"embeddable":true,"href":"https:\/\/fanfareweek.com\/en\/wp-json\/wp\/v2\/users\/2"}],"replies":[{"embeddable":true,"href":"https:\/\/fanfareweek.com\/en\/wp-json\/wp\/v2\/comments?post=4308"}],"version-history":[{"count":1,"href":"https:\/\/fanfareweek.com\/en\/wp-json\/wp\/v2\/posts\/4308\/revisions"}],"predecessor-version":[{"id":4425,"href":"https:\/\/fanfareweek.com\/en\/wp-json\/wp\/v2\/posts\/4308\/revisions\/4425"}],"wp:featuredmedia":[{"embeddable":true,"href":"https:\/\/fanfareweek.com\/en\/wp-json\/wp\/v2\/media\/4309"}],"wp:attachment":[{"href":"https:\/\/fanfareweek.com\/en\/wp-json\/wp\/v2\/media?parent=4308"}],"wp:term":[{"taxonomy":"category","embeddable":true,"href":"https:\/\/fanfareweek.com\/en\/wp-json\/wp\/v2\/categories?post=4308"},{"taxonomy":"post_tag","embeddable":true,"href":"https:\/\/fanfareweek.com\/en\/wp-json\/wp\/v2\/tags?post=4308"}],"curies":[{"name":"wp","href":"https:\/\/api.w.org\/{rel}","templated":true}]}}