{"id":4300,"date":"2025-12-11T20:43:04","date_gmt":"2025-12-11T18:43:04","guid":{"rendered":"https:\/\/fanfareweek.com\/2025\/12\/11\/martyna-miseikyte\/"},"modified":"2026-02-25T08:34:40","modified_gmt":"2026-02-25T06:34:40","slug":"martyna-miseikyte","status":"publish","type":"post","link":"https:\/\/fanfareweek.com\/en\/2025\/12\/11\/martyna-miseikyte\/","title":{"rendered":"Martyna Mi\u0161eikyt\u0117"},"content":{"rendered":"<p>Martyna Mi\u0161eikyt\u0117 is a long-time student of the Trakai School of Arts and a graduate of the National M. K. \u010ciurlionis School of Art. She is currently continuing her musical education at the Karlsruhe University of Music, studying with Prof. Brandt Attema and Prof. S\u00e1ndor Szab\u00f3. Martyna is a laureate of both national and international competitions. Among her distinctions are the Grand Prix at the international Junger Virtuose competition in Riga, as well as the Grand Prix at the 2nd international chamber music competition Musica Brillante in Vilnius. In 2024, Martyna became a recipient of the Deutschlandstipendium and earned a place in the academy of the Wuppertal Symphony Orchestra. Since February 2025, she has been engaged as the temporary principal trombonist with the Bremerhaven Philharmonic Orchestra and in November she was honored with an award jointly presented by the GEDOK Association of Women Artists and the Karlsruhe University of Music.<\/p>\n","protected":false},"excerpt":{"rendered":"<p>Martyna Mi\u0161eikyt\u0117 is a long-time student of the Trakai School of Arts and a graduate of the National M. K. \u010ciurlionis School of Art. She is currently continuing her musical education at the Karlsruhe University of Music, studying with Prof. Brandt Attema and Prof. S\u00e1ndor Szab\u00f3. Martyna is a laureate of both national and international [&#8230;]\n","protected":false},"author":2,"featured_media":4301,"comment_status":"closed","ping_status":"closed","sticky":false,"template":"","format":"standard","meta":{"footnotes":""},"categories":[12],"tags":[],"class_list":["post-4300","post","type-post","status-publish","format-standard","has-post-thumbnail","hentry","category-artists"],"yoast_head":"<!-- This site is optimized with the Yoast SEO plugin v28.4 - https:\/\/yoast.com\/product\/yoast-seo-wordpress\/ -->\n<title>Martyna Mi\u0161eikyt\u0117 - Trak\u0173 fanfarin\u0117 savait\u0117<\/title>\n<meta name=\"robots\" content=\"index, follow, max-snippet:-1, max-image-preview:large, max-video-preview:-1\" \/>\n<link rel=\"canonical\" href=\"https:\/\/fanfareweek.com\/en\/2025\/12\/11\/martyna-miseikyte\/\" \/>\n<meta property=\"og:locale\" content=\"en_US\" \/>\n<meta property=\"og:type\" content=\"article\" \/>\n<meta property=\"og:title\" content=\"Martyna Mi\u0161eikyt\u0117 - Trak\u0173 fanfarin\u0117 savait\u0117\" \/>\n<meta property=\"og:description\" content=\"Martyna Mi\u0161eikyt\u0117 is a long-time student of the Trakai School of Arts and a graduate of the National M. K. \u010ciurlionis School of Art. She is currently continuing her musical education at the Karlsruhe University of Music, studying with Prof. Brandt Attema and Prof. S\u00e1ndor Szab\u00f3. Martyna is a laureate of both national and international [...]\" \/>\n<meta property=\"og:url\" content=\"https:\/\/fanfareweek.com\/en\/2025\/12\/11\/martyna-miseikyte\/\" \/>\n<meta property=\"og:site_name\" content=\"Trak\u0173 fanfarin\u0117 savait\u0117\" \/>\n<meta property=\"article:publisher\" content=\"https:\/\/www.facebook.com\/fanfareweek\" \/>\n<meta property=\"article:published_time\" content=\"2025-12-11T18:43:04+00:00\" \/>\n<meta property=\"article:modified_time\" content=\"2026-02-25T06:34:40+00:00\" \/>\n<meta property=\"og:image\" content=\"https:\/\/fanfareweek.com\/wp-content\/uploads\/2025\/12\/miseikyte-www.jpg\" \/>\n\t<meta property=\"og:image:width\" content=\"1600\" \/>\n\t<meta property=\"og:image:height\" content=\"921\" \/>\n\t<meta property=\"og:image:type\" content=\"image\/jpeg\" \/>\n<meta name=\"author\" content=\"Arvydas Mi\u0161eikis\" \/>\n<meta name=\"twitter:card\" content=\"summary_large_image\" \/>\n<meta name=\"twitter:label1\" content=\"Written by\" \/>\n\t<meta name=\"twitter:data1\" content=\"Arvydas Mi\u0161eikis\" \/>\n\t<meta name=\"twitter:label2\" content=\"Est. reading time\" \/>\n\t<meta name=\"twitter:data2\" content=\"2 minutes\" \/>\n<script type=\"application\/ld+json\" class=\"yoast-schema-graph\">{\"@context\":\"https:\\\/\\\/schema.org\",\"@graph\":[{\"@type\":\"Article\",\"@id\":\"https:\\\/\\\/fanfareweek.com\\\/en\\\/2025\\\/12\\\/11\\\/martyna-miseikyte\\\/#article\",\"isPartOf\":{\"@id\":\"https:\\\/\\\/fanfareweek.com\\\/en\\\/2025\\\/12\\\/11\\\/martyna-miseikyte\\\/\"},\"author\":{\"name\":\"Arvydas Mi\u0161eikis\",\"@id\":\"https:\\\/\\\/fanfareweek.com\\\/#\\\/schema\\\/person\\\/fe734868106a0f0e75e982c369f624a3\"},\"headline\":\"Martyna Mi\u0161eikyt\u0117\",\"datePublished\":\"2025-12-11T18:43:04+00:00\",\"dateModified\":\"2026-02-25T06:34:40+00:00\",\"mainEntityOfPage\":{\"@id\":\"https:\\\/\\\/fanfareweek.com\\\/en\\\/2025\\\/12\\\/11\\\/martyna-miseikyte\\\/\"},\"wordCount\":153,\"publisher\":{\"@id\":\"https:\\\/\\\/fanfareweek.com\\\/#organization\"},\"image\":{\"@id\":\"https:\\\/\\\/fanfareweek.com\\\/en\\\/2025\\\/12\\\/11\\\/martyna-miseikyte\\\/#primaryimage\"},\"thumbnailUrl\":\"https:\\\/\\\/fanfareweek.com\\\/wp-content\\\/uploads\\\/2025\\\/12\\\/miseikyte-www.jpg\",\"articleSection\":[\"Artists\"],\"inLanguage\":\"en-US\"},{\"@type\":\"WebPage\",\"@id\":\"https:\\\/\\\/fanfareweek.com\\\/en\\\/2025\\\/12\\\/11\\\/martyna-miseikyte\\\/\",\"url\":\"https:\\\/\\\/fanfareweek.com\\\/en\\\/2025\\\/12\\\/11\\\/martyna-miseikyte\\\/\",\"name\":\"Martyna Mi\u0161eikyt\u0117 - Trak\u0173 fanfarin\u0117 savait\u0117\",\"isPartOf\":{\"@id\":\"https:\\\/\\\/fanfareweek.com\\\/#website\"},\"primaryImageOfPage\":{\"@id\":\"https:\\\/\\\/fanfareweek.com\\\/en\\\/2025\\\/12\\\/11\\\/martyna-miseikyte\\\/#primaryimage\"},\"image\":{\"@id\":\"https:\\\/\\\/fanfareweek.com\\\/en\\\/2025\\\/12\\\/11\\\/martyna-miseikyte\\\/#primaryimage\"},\"thumbnailUrl\":\"https:\\\/\\\/fanfareweek.com\\\/wp-content\\\/uploads\\\/2025\\\/12\\\/miseikyte-www.jpg\",\"datePublished\":\"2025-12-11T18:43:04+00:00\",\"dateModified\":\"2026-02-25T06:34:40+00:00\",\"breadcrumb\":{\"@id\":\"https:\\\/\\\/fanfareweek.com\\\/en\\\/2025\\\/12\\\/11\\\/martyna-miseikyte\\\/#breadcrumb\"},\"inLanguage\":\"en-US\",\"potentialAction\":[{\"@type\":\"ReadAction\",\"target\":[\"https:\\\/\\\/fanfareweek.com\\\/en\\\/2025\\\/12\\\/11\\\/martyna-miseikyte\\\/\"]}]},{\"@type\":\"ImageObject\",\"inLanguage\":\"en-US\",\"@id\":\"https:\\\/\\\/fanfareweek.com\\\/en\\\/2025\\\/12\\\/11\\\/martyna-miseikyte\\\/#primaryimage\",\"url\":\"https:\\\/\\\/fanfareweek.com\\\/wp-content\\\/uploads\\\/2025\\\/12\\\/miseikyte-www.jpg\",\"contentUrl\":\"https:\\\/\\\/fanfareweek.com\\\/wp-content\\\/uploads\\\/2025\\\/12\\\/miseikyte-www.jpg\",\"width\":1600,\"height\":921},{\"@type\":\"BreadcrumbList\",\"@id\":\"https:\\\/\\\/fanfareweek.com\\\/en\\\/2025\\\/12\\\/11\\\/martyna-miseikyte\\\/#breadcrumb\",\"itemListElement\":[{\"@type\":\"ListItem\",\"position\":1,\"name\":\"Home\",\"item\":\"https:\\\/\\\/fanfareweek.com\\\/en\\\/\"},{\"@type\":\"ListItem\",\"position\":2,\"name\":\"Martyna Mi\u0161eikyt\u0117\"}]},{\"@type\":\"WebSite\",\"@id\":\"https:\\\/\\\/fanfareweek.com\\\/#website\",\"url\":\"https:\\\/\\\/fanfareweek.com\\\/\",\"name\":\"Trak\u0173 fanfarin\u0117 savait\u0117\",\"description\":\"\",\"publisher\":{\"@id\":\"https:\\\/\\\/fanfareweek.com\\\/#organization\"},\"potentialAction\":[{\"@type\":\"SearchAction\",\"target\":{\"@type\":\"EntryPoint\",\"urlTemplate\":\"https:\\\/\\\/fanfareweek.com\\\/?s={search_term_string}\"},\"query-input\":{\"@type\":\"PropertyValueSpecification\",\"valueRequired\":true,\"valueName\":\"search_term_string\"}}],\"inLanguage\":\"en-US\"},{\"@type\":\"Organization\",\"@id\":\"https:\\\/\\\/fanfareweek.com\\\/#organization\",\"name\":\"Trak\u0173 fanfarin\u0117 savait\u0117\",\"url\":\"https:\\\/\\\/fanfareweek.com\\\/\",\"logo\":{\"@type\":\"ImageObject\",\"inLanguage\":\"en-US\",\"@id\":\"https:\\\/\\\/fanfareweek.com\\\/#\\\/schema\\\/logo\\\/image\\\/\",\"url\":\"https:\\\/\\\/fanfareweek.com\\\/wp-content\\\/uploads\\\/2018\\\/02\\\/logo-Traku-fanfarine-savaite-120.png\",\"contentUrl\":\"https:\\\/\\\/fanfareweek.com\\\/wp-content\\\/uploads\\\/2018\\\/02\\\/logo-Traku-fanfarine-savaite-120.png\",\"width\":149,\"height\":120,\"caption\":\"Trak\u0173 fanfarin\u0117 savait\u0117\"},\"image\":{\"@id\":\"https:\\\/\\\/fanfareweek.com\\\/#\\\/schema\\\/logo\\\/image\\\/\"},\"sameAs\":[\"https:\\\/\\\/www.facebook.com\\\/fanfareweek\",\"https:\\\/\\\/www.instagram.com\\\/trakaifanfareweek\\\/\"]},{\"@type\":\"Person\",\"@id\":\"https:\\\/\\\/fanfareweek.com\\\/#\\\/schema\\\/person\\\/fe734868106a0f0e75e982c369f624a3\",\"name\":\"Arvydas Mi\u0161eikis\",\"image\":{\"@type\":\"ImageObject\",\"inLanguage\":\"en-US\",\"@id\":\"https:\\\/\\\/fanfareweek.com\\\/wp-content\\\/litespeed\\\/avatar\\\/bccc84d38318e5eb446a364b5a96e34b.jpg?ver=1788236771\",\"url\":\"https:\\\/\\\/fanfareweek.com\\\/wp-content\\\/litespeed\\\/avatar\\\/bccc84d38318e5eb446a364b5a96e34b.jpg?ver=1788236771\",\"contentUrl\":\"https:\\\/\\\/fanfareweek.com\\\/wp-content\\\/litespeed\\\/avatar\\\/bccc84d38318e5eb446a364b5a96e34b.jpg?ver=1788236771\",\"caption\":\"Arvydas Mi\u0161eikis\"},\"url\":\"https:\\\/\\\/fanfareweek.com\\\/en\\\/author\\\/arvydas\\\/\"}]}<\/script>\n<!-- \/ Yoast SEO plugin. -->","yoast_head_json":{"title":"Martyna Mi\u0161eikyt\u0117 - Trak\u0173 fanfarin\u0117 savait\u0117","robots":{"index":"index","follow":"follow","max-snippet":"max-snippet:-1","max-image-preview":"max-image-preview:large","max-video-preview":"max-video-preview:-1"},"canonical":"https:\/\/fanfareweek.com\/en\/2025\/12\/11\/martyna-miseikyte\/","og_locale":"en_US","og_type":"article","og_title":"Martyna Mi\u0161eikyt\u0117 - Trak\u0173 fanfarin\u0117 savait\u0117","og_description":"Martyna Mi\u0161eikyt\u0117 is a long-time student of the Trakai School of Arts and a graduate of the National M. K. \u010ciurlionis School of Art. She is currently continuing her musical education at the Karlsruhe University of Music, studying with Prof. Brandt Attema and Prof. S\u00e1ndor Szab\u00f3. Martyna is a laureate of both national and international [...]","og_url":"https:\/\/fanfareweek.com\/en\/2025\/12\/11\/martyna-miseikyte\/","og_site_name":"Trak\u0173 fanfarin\u0117 savait\u0117","article_publisher":"https:\/\/www.facebook.com\/fanfareweek","article_published_time":"2025-12-11T18:43:04+00:00","article_modified_time":"2026-02-25T06:34:40+00:00","og_image":[{"width":1600,"height":921,"url":"https:\/\/fanfareweek.com\/wp-content\/uploads\/2025\/12\/miseikyte-www.jpg","type":"image\/jpeg"}],"author":"Arvydas Mi\u0161eikis","twitter_card":"summary_large_image","twitter_misc":{"Written by":"Arvydas Mi\u0161eikis","Est. reading time":"2 minutes"},"schema":{"@context":"https:\/\/schema.org","@graph":[{"@type":"Article","@id":"https:\/\/fanfareweek.com\/en\/2025\/12\/11\/martyna-miseikyte\/#article","isPartOf":{"@id":"https:\/\/fanfareweek.com\/en\/2025\/12\/11\/martyna-miseikyte\/"},"author":{"name":"Arvydas Mi\u0161eikis","@id":"https:\/\/fanfareweek.com\/#\/schema\/person\/fe734868106a0f0e75e982c369f624a3"},"headline":"Martyna Mi\u0161eikyt\u0117","datePublished":"2025-12-11T18:43:04+00:00","dateModified":"2026-02-25T06:34:40+00:00","mainEntityOfPage":{"@id":"https:\/\/fanfareweek.com\/en\/2025\/12\/11\/martyna-miseikyte\/"},"wordCount":153,"publisher":{"@id":"https:\/\/fanfareweek.com\/#organization"},"image":{"@id":"https:\/\/fanfareweek.com\/en\/2025\/12\/11\/martyna-miseikyte\/#primaryimage"},"thumbnailUrl":"https:\/\/fanfareweek.com\/wp-content\/uploads\/2025\/12\/miseikyte-www.jpg","articleSection":["Artists"],"inLanguage":"en-US"},{"@type":"WebPage","@id":"https:\/\/fanfareweek.com\/en\/2025\/12\/11\/martyna-miseikyte\/","url":"https:\/\/fanfareweek.com\/en\/2025\/12\/11\/martyna-miseikyte\/","name":"Martyna Mi\u0161eikyt\u0117 - Trak\u0173 fanfarin\u0117 savait\u0117","isPartOf":{"@id":"https:\/\/fanfareweek.com\/#website"},"primaryImageOfPage":{"@id":"https:\/\/fanfareweek.com\/en\/2025\/12\/11\/martyna-miseikyte\/#primaryimage"},"image":{"@id":"https:\/\/fanfareweek.com\/en\/2025\/12\/11\/martyna-miseikyte\/#primaryimage"},"thumbnailUrl":"https:\/\/fanfareweek.com\/wp-content\/uploads\/2025\/12\/miseikyte-www.jpg","datePublished":"2025-12-11T18:43:04+00:00","dateModified":"2026-02-25T06:34:40+00:00","breadcrumb":{"@id":"https:\/\/fanfareweek.com\/en\/2025\/12\/11\/martyna-miseikyte\/#breadcrumb"},"inLanguage":"en-US","potentialAction":[{"@type":"ReadAction","target":["https:\/\/fanfareweek.com\/en\/2025\/12\/11\/martyna-miseikyte\/"]}]},{"@type":"ImageObject","inLanguage":"en-US","@id":"https:\/\/fanfareweek.com\/en\/2025\/12\/11\/martyna-miseikyte\/#primaryimage","url":"https:\/\/fanfareweek.com\/wp-content\/uploads\/2025\/12\/miseikyte-www.jpg","contentUrl":"https:\/\/fanfareweek.com\/wp-content\/uploads\/2025\/12\/miseikyte-www.jpg","width":1600,"height":921},{"@type":"BreadcrumbList","@id":"https:\/\/fanfareweek.com\/en\/2025\/12\/11\/martyna-miseikyte\/#breadcrumb","itemListElement":[{"@type":"ListItem","position":1,"name":"Home","item":"https:\/\/fanfareweek.com\/en\/"},{"@type":"ListItem","position":2,"name":"Martyna Mi\u0161eikyt\u0117"}]},{"@type":"WebSite","@id":"https:\/\/fanfareweek.com\/#website","url":"https:\/\/fanfareweek.com\/","name":"Trak\u0173 fanfarin\u0117 savait\u0117","description":"","publisher":{"@id":"https:\/\/fanfareweek.com\/#organization"},"potentialAction":[{"@type":"SearchAction","target":{"@type":"EntryPoint","urlTemplate":"https:\/\/fanfareweek.com\/?s={search_term_string}"},"query-input":{"@type":"PropertyValueSpecification","valueRequired":true,"valueName":"search_term_string"}}],"inLanguage":"en-US"},{"@type":"Organization","@id":"https:\/\/fanfareweek.com\/#organization","name":"Trak\u0173 fanfarin\u0117 savait\u0117","url":"https:\/\/fanfareweek.com\/","logo":{"@type":"ImageObject","inLanguage":"en-US","@id":"https:\/\/fanfareweek.com\/#\/schema\/logo\/image\/","url":"https:\/\/fanfareweek.com\/wp-content\/uploads\/2018\/02\/logo-Traku-fanfarine-savaite-120.png","contentUrl":"https:\/\/fanfareweek.com\/wp-content\/uploads\/2018\/02\/logo-Traku-fanfarine-savaite-120.png","width":149,"height":120,"caption":"Trak\u0173 fanfarin\u0117 savait\u0117"},"image":{"@id":"https:\/\/fanfareweek.com\/#\/schema\/logo\/image\/"},"sameAs":["https:\/\/www.facebook.com\/fanfareweek","https:\/\/www.instagram.com\/trakaifanfareweek\/"]},{"@type":"Person","@id":"https:\/\/fanfareweek.com\/#\/schema\/person\/fe734868106a0f0e75e982c369f624a3","name":"Arvydas Mi\u0161eikis","image":{"@type":"ImageObject","inLanguage":"en-US","@id":"https:\/\/fanfareweek.com\/wp-content\/litespeed\/avatar\/bccc84d38318e5eb446a364b5a96e34b.jpg?ver=1788236771","url":"https:\/\/fanfareweek.com\/wp-content\/litespeed\/avatar\/bccc84d38318e5eb446a364b5a96e34b.jpg?ver=1788236771","contentUrl":"https:\/\/fanfareweek.com\/wp-content\/litespeed\/avatar\/bccc84d38318e5eb446a364b5a96e34b.jpg?ver=1788236771","caption":"Arvydas Mi\u0161eikis"},"url":"https:\/\/fanfareweek.com\/en\/author\/arvydas\/"}]}},"_links":{"self":[{"href":"https:\/\/fanfareweek.com\/en\/wp-json\/wp\/v2\/posts\/4300","targetHints":{"allow":["GET"]}}],"collection":[{"href":"https:\/\/fanfareweek.com\/en\/wp-json\/wp\/v2\/posts"}],"about":[{"href":"https:\/\/fanfareweek.com\/en\/wp-json\/wp\/v2\/types\/post"}],"author":[{"embeddable":true,"href":"https:\/\/fanfareweek.com\/en\/wp-json\/wp\/v2\/users\/2"}],"replies":[{"embeddable":true,"href":"https:\/\/fanfareweek.com\/en\/wp-json\/wp\/v2\/comments?post=4300"}],"version-history":[{"count":2,"href":"https:\/\/fanfareweek.com\/en\/wp-json\/wp\/v2\/posts\/4300\/revisions"}],"predecessor-version":[{"id":4417,"href":"https:\/\/fanfareweek.com\/en\/wp-json\/wp\/v2\/posts\/4300\/revisions\/4417"}],"wp:featuredmedia":[{"embeddable":true,"href":"https:\/\/fanfareweek.com\/en\/wp-json\/wp\/v2\/media\/4301"}],"wp:attachment":[{"href":"https:\/\/fanfareweek.com\/en\/wp-json\/wp\/v2\/media?parent=4300"}],"wp:term":[{"taxonomy":"category","embeddable":true,"href":"https:\/\/fanfareweek.com\/en\/wp-json\/wp\/v2\/categories?post=4300"},{"taxonomy":"post_tag","embeddable":true,"href":"https:\/\/fanfareweek.com\/en\/wp-json\/wp\/v2\/tags?post=4300"}],"curies":[{"name":"wp","href":"https:\/\/api.w.org\/{rel}","templated":true}]}}